{"id":5086,"date":"2020-06-25T04:22:00","date_gmt":"2020-06-25T02:22:00","guid":{"rendered":"https:\/\/kastela.hr\/en\/2020\/06\/25\/tribina-otpad-ili-smece-sve-od-tebe-krece\/"},"modified":"2024-08-29T10:48:08","modified_gmt":"2024-08-29T08:48:08","slug":"tribina-otpad-ili-smece-sve-od-tebe-krece","status":"publish","type":"post","link":"https:\/\/kastela.hr\/en\/2020\/06\/25\/tribina-otpad-ili-smece-sve-od-tebe-krece\/","title":{"rendered":"Tribina \u201eOtpad ili sme\u0107e sve od tebe kre\u0107e\u201c"},"content":{"rendered":"<p>U petak, 26. lipnja 2020. &nbsp;s po\u010detkom u 11,30 sati u prostoru Kulturnog doma u Ka\u0161tel Luk\u0161i\u0107u (Pastoralni dom) odr\u017eat \u0107e se zadnja u nizu tribina o odr\u017eivom gospodarenju otpadom te odvajanju otpada na ku\u0107nom pragu za stanovnike Ka\u0161tela &nbsp;u sklopu projekta &bdquo;Otpad ili sme\u0107e sve od tebe kre\u0107e&ldquo; &nbsp;koji&nbsp; se sufinancira iz Kohezijskog fonda EU.<\/p>\n<p>Cilj projekta je kroz razli\u010dite komunikacijske platforme i alate &#8211; od klasi\u010dnih letaka, plakata, preko javnih tribina, specijaliziranih radijskih emisija i reklama, edukacija, radionica pa sve do mre\u017enih stranica, stvoriti specifi\u010dan komunikacijsko-edukacijski sustav koji \u0107e omogu\u0107iti zna\u010dajan iskorak u educiranosti ciljnih skupina o odr\u017eivom gospodarenju otpadom.&nbsp;<\/p>\n<p>Poseban naglasak stavlja se na edukaciju pred\u0161kolske djece koji predstavljaju gra\u0111ane budu\u0107nosti, a koji najlak\u0161e mogu usvojiti dobre navike i prenijeti ih svojim uku\u0107anima.<\/p>\n<p>Projektom je predvi\u0111ena sustavna evaluacija i pra\u0107enje u\u010dinka projektnih aktivnosti na ciljne skupine, a kontinuiranom izobrazno-edukativnom kampanjom o potrebi smanjivanja koli\u010dine otpada u ku\u0107anstvu, njegovom pravilnom razvrstavanju, ponovnoj upotrebi predmeta i ku\u0107nom kompostiranju, s ciljem uspostave odr\u017eivog sustava gospodarenja otpadom.<\/p>\n<p>&nbsp;<\/p>\n","protected":false},"excerpt":{"rendered":"<p>U petak, 26. lipnja 2020. &nbsp;s po\u010detkom u 11,30 sati u prostoru Kulturnog doma u Ka\u0161tel Luk\u0161i\u0107u (Pastoralni dom) odr\u017eat [&hellip;]<\/p>\n","protected":false},"author":7,"featured_media":5087,"comment_status":"closed","ping_status":"open","sticky":false,"template":"","format":"standard","meta":{"_acf_changed":false,"footnotes":""},"categories":[1],"tags":[],"class_list":["post-5086","post","type-post","status-publish","format-standard","has-post-thumbnail","hentry","category-novosti"],"acf":[],"_links":{"self":[{"href":"https:\/\/kastela.hr\/en\/wp-json\/wp\/v2\/posts\/5086","targetHints":{"allow":["GET"]}}],"collection":[{"href":"https:\/\/kastela.hr\/en\/wp-json\/wp\/v2\/posts"}],"about":[{"href":"https:\/\/kastela.hr\/en\/wp-json\/wp\/v2\/types\/post"}],"author":[{"embeddable":true,"href":"https:\/\/kastela.hr\/en\/wp-json\/wp\/v2\/users\/7"}],"replies":[{"embeddable":true,"href":"https:\/\/kastela.hr\/en\/wp-json\/wp\/v2\/comments?post=5086"}],"version-history":[{"count":1,"href":"https:\/\/kastela.hr\/en\/wp-json\/wp\/v2\/posts\/5086\/revisions"}],"predecessor-version":[{"id":7018,"href":"https:\/\/kastela.hr\/en\/wp-json\/wp\/v2\/posts\/5086\/revisions\/7018"}],"wp:featuredmedia":[{"embeddable":true,"href":"https:\/\/kastela.hr\/en\/wp-json\/wp\/v2\/media\/5087"}],"wp:attachment":[{"href":"https:\/\/kastela.hr\/en\/wp-json\/wp\/v2\/media?parent=5086"}],"wp:term":[{"taxonomy":"category","embeddable":true,"href":"https:\/\/kastela.hr\/en\/wp-json\/wp\/v2\/categories?post=5086"},{"taxonomy":"post_tag","embeddable":true,"href":"https:\/\/kastela.hr\/en\/wp-json\/wp\/v2\/tags?post=5086"}],"curies":[{"name":"wp","href":"https:\/\/api.w.org\/{rel}","templated":true}]}}