{"id":5069,"date":"2020-06-25T10:39:00","date_gmt":"2020-06-25T08:39:00","guid":{"rendered":"https:\/\/kastela.hr\/en\/2020\/06\/25\/predstavljen-program-kastelanskog-kulturnog-ljeta-2020\/"},"modified":"2024-08-29T10:48:08","modified_gmt":"2024-08-29T08:48:08","slug":"predstavljen-program-kastelanskog-kulturnog-ljeta-2020","status":"publish","type":"post","link":"https:\/\/kastela.hr\/en\/2020\/06\/25\/predstavljen-program-kastelanskog-kulturnog-ljeta-2020\/","title":{"rendered":"Predstavljen program Ka\u0161telanskog kulturnog ljeta 2020."},"content":{"rendered":"<p>U dvorcu Vitturi u Ka\u0161tel Luk\u0161i\u0107u predstavljen je program Ka\u0161telanskog kulturnog ljeta 2020. Zbog situacije s pandemijom koronavirusa, program ovogodi\u0161njeg kulturnog ljeta ne\u0161to &nbsp;je manje bogat nego prethodnih godina. Pridr\u017eavaju\u0107i se uputa Nacionalnog sto\u017eera civilne za\u0161tite, pojedina doga\u0111anja nije mogu\u0107e odr\u017eati, tako da ove godine nema dje\u010djeg programa, gastro manifestacija, odre\u0111enih sportskih manifestacija te onog zabavnog dijela kulturnog ljeta. Novost je i da \u0107e se veliki broj manifestacija odr\u017eavati na najve\u0107im lokacijama u gradu poput Novog parka u Ka\u0161tel Luk\u0161i\u0107u, Igri\u0161\u0107a u Ka\u0161tel \u0160tafili\u0107u ili Brca u Ka\u0161tel Kambelovcu. Unato\u010d ograni\u010denjima, dobre zabave ni ovoga ljeta ne\u0107e nedostajati.<\/p>\n<p>&#8211; Sve\u010danost otvaranja kulturnog ljeta zapo\u010dinje 4. srpnja koncertom Massima na Igri\u0161\u0107u u Ka\u0161tel \u0160tafili\u0107u s po\u010detkom u 21 sat, a sve\u010dano zatvaranje manifestacije bit \u0107e 29. kolovoza u Podvorju u Ka\u0161tel Su\u0107urcu koncertom mladih hrvatskih glazbenika poput Albine Gr\u010di\u0107, Nike Turkovi\u0107, Josipa Palameta i Matije Cveka. Po\u0161tuju\u0107i upute Nacionalnog sto\u017eera, nastojali smo obuhvatiti \u0161to ve\u0107i broj na\u0161ih tradicionalnih doga\u0111anja koja su se odr\u017eavala prethodnih godina. Program je podlo\u017ean izmjenama u skladu s novonastalom situacijom, ali dat \u0107emo sve od sebe da se odr\u017ei \u0161to ve\u0107i broj doga\u0111anja u na\u0161em gradu &ndash; kazala je zamjenica gradona\u010delnika Jadranka Matok Bosan\u010di\u0107 koja je ujedno i na\u010delnica Sto\u017eera civilne za\u0161tite Grada Ka\u0161tela.<\/p>\n<p>Ka\u0161telani i njihovi gosti ovoga ljeta mo\u0107i \u0107e u\u017eivati u predstavi &bdquo;\u0106iro&ldquo; u izvedbi Tarika Filipovi\u0107a, na Barbarincu \u0107e zapjevati TBF, organizatori Lovestock festivala prire\u0111uju kreativne radionice uz koncerte grupa Kojoti, M.O.R.T, Kries, Ritam srca, tu su i Ve\u010deri dalmatinske pisme &bdquo;Trag u beskraju&ldquo; s tim da \u0107e se odr\u017eati samo revijalna ve\u010der, Legenda o Miljenku i Dobrili sadr\u017ei filmske ve\u010deri na otvorenom te koncert Vanne i Neverinki, Ve\u010deri kod svetog Jeronima, koncert klape Podvorje, klape \u0160torija, Ve\u010der glendi i batudi samo su neka od brojnih drugih zanimljiva doga\u0111anja.<\/p>\n<p>Sve zapo\u010dinje ove subote 27. lipnja, kada je na rasporedu ve\u0107 tradicionalna Nostalgija, manifestacija tradicije i obrtni\u0161tva, koju uz suradnju s udrugom \u0160u\u0161ur, organizira Turisti\u010dka zajednica na rivi u Ka\u0161tel Novom uz koncerte klapa i defile narodnih no\u0161nji.<\/p>\n<p>Program Ka\u0161telanskog kulturnog ljeta nalazi se u privitku&nbsp;<\/p>\n<p>&nbsp;<\/p>\n","protected":false},"excerpt":{"rendered":"<p>U dvorcu Vitturi u Ka\u0161tel Luk\u0161i\u0107u predstavljen je program Ka\u0161telanskog kulturnog ljeta 2020. Zbog situacije s pandemijom koronavirusa, program ovogodi\u0161njeg [&hellip;]<\/p>\n","protected":false},"author":7,"featured_media":5070,"comment_status":"closed","ping_status":"open","sticky":false,"template":"","format":"standard","meta":{"_acf_changed":false,"footnotes":""},"categories":[1],"tags":[],"class_list":["post-5069","post","type-post","status-publish","format-standard","has-post-thumbnail","hentry","category-novosti"],"acf":[],"_links":{"self":[{"href":"https:\/\/kastela.hr\/en\/wp-json\/wp\/v2\/posts\/5069","targetHints":{"allow":["GET"]}}],"collection":[{"href":"https:\/\/kastela.hr\/en\/wp-json\/wp\/v2\/posts"}],"about":[{"href":"https:\/\/kastela.hr\/en\/wp-json\/wp\/v2\/types\/post"}],"author":[{"embeddable":true,"href":"https:\/\/kastela.hr\/en\/wp-json\/wp\/v2\/users\/7"}],"replies":[{"embeddable":true,"href":"https:\/\/kastela.hr\/en\/wp-json\/wp\/v2\/comments?post=5069"}],"version-history":[{"count":1,"href":"https:\/\/kastela.hr\/en\/wp-json\/wp\/v2\/posts\/5069\/revisions"}],"predecessor-version":[{"id":7016,"href":"https:\/\/kastela.hr\/en\/wp-json\/wp\/v2\/posts\/5069\/revisions\/7016"}],"wp:featuredmedia":[{"embeddable":true,"href":"https:\/\/kastela.hr\/en\/wp-json\/wp\/v2\/media\/5070"}],"wp:attachment":[{"href":"https:\/\/kastela.hr\/en\/wp-json\/wp\/v2\/media?parent=5069"}],"wp:term":[{"taxonomy":"category","embeddable":true,"href":"https:\/\/kastela.hr\/en\/wp-json\/wp\/v2\/categories?post=5069"},{"taxonomy":"post_tag","embeddable":true,"href":"https:\/\/kastela.hr\/en\/wp-json\/wp\/v2\/tags?post=5069"}],"curies":[{"name":"wp","href":"https:\/\/api.w.org\/{rel}","templated":true}]}}