{"id":5066,"date":"2020-06-26T07:03:00","date_gmt":"2020-06-26T05:03:00","guid":{"rendered":"https:\/\/kastela.hr\/en\/2020\/06\/26\/javni-poziv-za-gradane-suvlasnike-obiteljskih-kuca\/"},"modified":"2024-08-29T10:48:08","modified_gmt":"2024-08-29T08:48:08","slug":"javni-poziv-za-gradane-suvlasnike-obiteljskih-kuca","status":"publish","type":"post","link":"https:\/\/kastela.hr\/en\/2020\/06\/26\/javni-poziv-za-gradane-suvlasnike-obiteljskih-kuca\/","title":{"rendered":"Javni poziv za gra\u0111ane suvlasnike obiteljskih ku\u0107a"},"content":{"rendered":"<p>Nakon usvojenih&nbsp;<a href=\"https:\/\/narodne-novine.nn.hr\/clanci\/sluzbeni\/2020_05_57_1146.html\" target=\"_blank\" rel=\"noopener\">Izmjena i dopuna Programa<\/a>, Fond za za\u0161titu okoli\u0161a i energetsku u\u010dinkovitost u 2020. godini nastavlja s nacionalnim financiranjem Programa energetske obnove obiteljskih ku\u0107a.&nbsp;<strong>25. lipnja 2020. su objavljeni Javni pozivi za gra\u0111ane (su)vlasnike postoje\u0107ih obiteljskih ku\u0107a<\/strong>&nbsp;energetskog razreda (prema Q H,nd) minimalno D ili lo\u0161ijeg u kontinentalnoj Hrvatskoj ili C ili lo\u0161ijeg u primorskoj Hrvatskoj.<\/p>\n<p>Obiteljska ku\u0107a u smislu ovog Programa je zgrada:<\/p>\n<ul>\n<li>u kojoj je&nbsp;<strong>vi\u0161e od 50% bruto podne povr\u0161ine namijenjeno za stanovanje<\/strong>&nbsp;te<\/li>\n<li>zadovoljava&nbsp;<strong>jedan od dva navedena uvjeta<\/strong>: ima&nbsp;<strong>najvi\u0161e tri stambene jedinice<\/strong>&nbsp;te ima gra\u0111evinsku&nbsp;<strong>bruto povr\u0161inu manju ili jednaku 600 m2<\/strong>.<\/li>\n<\/ul>\n<p><strong>Zaprimanje prijava na Javni poziv po\u010dinje&nbsp;<\/strong><strong><u>1. rujna 2020. (utorak) od 9:00 sati<\/u><\/strong><strong>.<\/strong><\/p>\n<p><strong>Vi\u0161e informacija dostupno je na linku <\/strong><\/p>\n<p><a href=\"http:\/\/www.fzoeu.hr\/hr\/energetska_ucinkovitost\/enu_u_zgradarstvu\/energetska_obnova_obiteljskih_kuca\/\">http:\/\/www.fzoeu.hr\/hr\/energetska_ucinkovitost\/enu_u_zgradarstvu\/energetska_obnova_obiteljskih_kuca\/<\/a><\/p>\n<p>&nbsp;<\/p>\n<p>&nbsp;<\/p>\n","protected":false},"excerpt":{"rendered":"<p>Nakon usvojenih&nbsp;Izmjena i dopuna Programa, Fond za za\u0161titu okoli\u0161a i energetsku u\u010dinkovitost u 2020. godini nastavlja s nacionalnim financiranjem Programa [&hellip;]<\/p>\n","protected":false},"author":7,"featured_media":5067,"comment_status":"closed","ping_status":"open","sticky":false,"template":"","format":"standard","meta":{"_acf_changed":false,"footnotes":""},"categories":[1],"tags":[],"class_list":["post-5066","post","type-post","status-publish","format-standard","has-post-thumbnail","hentry","category-novosti"],"acf":[],"_links":{"self":[{"href":"https:\/\/kastela.hr\/en\/wp-json\/wp\/v2\/posts\/5066","targetHints":{"allow":["GET"]}}],"collection":[{"href":"https:\/\/kastela.hr\/en\/wp-json\/wp\/v2\/posts"}],"about":[{"href":"https:\/\/kastela.hr\/en\/wp-json\/wp\/v2\/types\/post"}],"author":[{"embeddable":true,"href":"https:\/\/kastela.hr\/en\/wp-json\/wp\/v2\/users\/7"}],"replies":[{"embeddable":true,"href":"https:\/\/kastela.hr\/en\/wp-json\/wp\/v2\/comments?post=5066"}],"version-history":[{"count":1,"href":"https:\/\/kastela.hr\/en\/wp-json\/wp\/v2\/posts\/5066\/revisions"}],"predecessor-version":[{"id":7015,"href":"https:\/\/kastela.hr\/en\/wp-json\/wp\/v2\/posts\/5066\/revisions\/7015"}],"wp:featuredmedia":[{"embeddable":true,"href":"https:\/\/kastela.hr\/en\/wp-json\/wp\/v2\/media\/5067"}],"wp:attachment":[{"href":"https:\/\/kastela.hr\/en\/wp-json\/wp\/v2\/media?parent=5066"}],"wp:term":[{"taxonomy":"category","embeddable":true,"href":"https:\/\/kastela.hr\/en\/wp-json\/wp\/v2\/categories?post=5066"},{"taxonomy":"post_tag","embeddable":true,"href":"https:\/\/kastela.hr\/en\/wp-json\/wp\/v2\/tags?post=5066"}],"curies":[{"name":"wp","href":"https:\/\/api.w.org\/{rel}","templated":true}]}}