{"id":5063,"date":"2020-06-26T08:34:00","date_gmt":"2020-06-26T06:34:00","guid":{"rendered":"https:\/\/kastela.hr\/en\/2020\/06\/26\/ovoga-vikenda-odrzava-se-nostalgija-na-rivi-u-kastel-novom\/"},"modified":"2024-08-29T10:48:08","modified_gmt":"2024-08-29T08:48:08","slug":"ovoga-vikenda-odrzava-se-nostalgija-na-rivi-u-kastel-novom","status":"publish","type":"post","link":"https:\/\/kastela.hr\/en\/2020\/06\/26\/ovoga-vikenda-odrzava-se-nostalgija-na-rivi-u-kastel-novom\/","title":{"rendered":"Ovoga vikenda odr\u017eava se Nostalgija na rivi u Ka\u0161tel Novom"},"content":{"rendered":"<p>U okviru programa Ka\u0161telanskog kulturnog ljeta 2020. ovogodi\u0161nji 11. Dani tradicije pod nazivom Nostalgija odr\u017eat \u0107e se od 27. do 29. lipnja na rivi u Ka\u0161tel Novom. U sklopu manifestacije odr\u017eat \u0107e se i Eko etno sajam uz prigodni program, klapsku pjesmu, defile narodnih no\u0161nji te \u0107e tradicionalno proslaviti i dan \u017dupe, svetom misom i procesijom brodicama.<\/p>\n<p>Uz udrugu \u0160u\u0161ur, suorganizatori su Turisti\u010dka Zajednica Ka\u0161tela, pod pokroviteljstvom Grada Ka\u0161tela, \u017dupanije splitsko-dalmatinske, TZ splitsko-dalmatinske \u017eupanije, Ministarstva regionalnog razvoja i EU fondova, Ministarstva turizma i Cemexa.<\/p>\n<p>Kako se ne bi prekinula tradicija odr\u017eavanja ove manifestacije, ovogodi\u0161nja doga\u0111anja odr\u017eat \u0107e se prema preporukama nacionalnog Sto\u017eera Civilne za\u0161tite u ne\u0161to druga\u010dijem obliku, ali opet s naglaskom na bogatstvo ne materijalne kulturne ba\u0161tine, izvorne hrvatske proizvode i u duhu kr\u0161\u0107anske tradicije, poru\u010duju organizatori.<\/p>\n<p>Na izlo\u017ebeno- prodajnim \u0161tandovima hrvatski proizvo\u0111a\u010di izlo\u017eit \u0107e svoje proizvode kroz klapsku pjesmu i izlo\u017ebu narodnih no\u0161nji, a predstaviti \u0107e se bogatstvo ne materijalne kulturne ba\u0161tine.<\/p>\n<p>Program Eko &#8211; etno sajma bit \u0107e od 27. do 29. lipnja od 16 do 23 sata na rivi u Ka\u0161tel Novom.<\/p>\n<p>&nbsp;<\/p>\n<p>&nbsp;<\/p>\n<p>&nbsp;<\/p>\n","protected":false},"excerpt":{"rendered":"<p>U okviru programa Ka\u0161telanskog kulturnog ljeta 2020. ovogodi\u0161nji 11. Dani tradicije pod nazivom Nostalgija odr\u017eat \u0107e se od 27. do [&hellip;]<\/p>\n","protected":false},"author":7,"featured_media":5064,"comment_status":"closed","ping_status":"open","sticky":false,"template":"","format":"standard","meta":{"_acf_changed":false,"footnotes":""},"categories":[1],"tags":[],"class_list":["post-5063","post","type-post","status-publish","format-standard","has-post-thumbnail","hentry","category-novosti"],"acf":[],"_links":{"self":[{"href":"https:\/\/kastela.hr\/en\/wp-json\/wp\/v2\/posts\/5063","targetHints":{"allow":["GET"]}}],"collection":[{"href":"https:\/\/kastela.hr\/en\/wp-json\/wp\/v2\/posts"}],"about":[{"href":"https:\/\/kastela.hr\/en\/wp-json\/wp\/v2\/types\/post"}],"author":[{"embeddable":true,"href":"https:\/\/kastela.hr\/en\/wp-json\/wp\/v2\/users\/7"}],"replies":[{"embeddable":true,"href":"https:\/\/kastela.hr\/en\/wp-json\/wp\/v2\/comments?post=5063"}],"version-history":[{"count":1,"href":"https:\/\/kastela.hr\/en\/wp-json\/wp\/v2\/posts\/5063\/revisions"}],"predecessor-version":[{"id":7014,"href":"https:\/\/kastela.hr\/en\/wp-json\/wp\/v2\/posts\/5063\/revisions\/7014"}],"wp:featuredmedia":[{"embeddable":true,"href":"https:\/\/kastela.hr\/en\/wp-json\/wp\/v2\/media\/5064"}],"wp:attachment":[{"href":"https:\/\/kastela.hr\/en\/wp-json\/wp\/v2\/media?parent=5063"}],"wp:term":[{"taxonomy":"category","embeddable":true,"href":"https:\/\/kastela.hr\/en\/wp-json\/wp\/v2\/categories?post=5063"},{"taxonomy":"post_tag","embeddable":true,"href":"https:\/\/kastela.hr\/en\/wp-json\/wp\/v2\/tags?post=5063"}],"curies":[{"name":"wp","href":"https:\/\/api.w.org\/{rel}","templated":true}]}}