{"id":5060,"date":"2020-07-01T04:57:00","date_gmt":"2020-07-01T02:57:00","guid":{"rendered":"https:\/\/kastela.hr\/en\/2020\/07\/01\/koncertom-massima-otvara-se-kastelansko-kulturno-ljeto-2020\/"},"modified":"2024-08-29T10:48:08","modified_gmt":"2024-08-29T08:48:08","slug":"koncertom-massima-otvara-se-kastelansko-kulturno-ljeto-2020","status":"publish","type":"post","link":"https:\/\/kastela.hr\/en\/2020\/07\/01\/koncertom-massima-otvara-se-kastelansko-kulturno-ljeto-2020\/","title":{"rendered":"Koncertom Massima otvara se Ka\u0161telansko kulturno ljeto 2020."},"content":{"rendered":"<p>Izvanredni hrvatski glazbenik Massimo Savi\u0107 ovoga vikenda sti\u017ee u Ka\u0161tela, gdje \u0107e u subotu, 4. srpnja na Igri\u0161\u0107u u Ka\u0161tel \u0160tafili\u0107u odr\u017eati koncert s po\u010detkom u 21 sat \u0161to \u0107e ozna\u010diti po\u010detak ljetnih doga\u0111anja u okviru Ka\u0161telanskog kulturnog ljeta 2020. koje svake godine organizira Grad Ka\u0161tela.<\/p>\n<p>Nove pjesme, album i koncerti uvijek su Massimu bili poticaj da potra\u017ei neke svoje nove maksimume i ispi\u0161e jo\u0161 uspje\u0161nija poglavlja u biografiji. Prvi put s bendom Dorian Gray 80-ih godina, a drugi put kroz posljednjih dvadesetak godina samostalne karijere. \u010cesto je opisan kao hrvatski The Voice. Njegovi dueti s Nenom Belanom, Ninom Badri\u0107 ili s grupom Vatra, redom su me\u0111u najizvo\u0111enijim pjesmama, a za njegove koncerte nerijetko se tra\u017ei ulaznica vi\u0161e.<\/p>\n<p>Nakon koncerta u prepunoj pulskoj Areni 2013. godine, kojim je obilje\u017eio 30 godina karijere, redovito nastupa na nekim od najve\u0107ih pozornica regije poput zagreba\u010dkog Doma Sportova, dvorane Lisinski,&nbsp; beogradskog Sava centra i Spaladium Arene.<\/p>\n<p>Massimo na pozornici plijeni energijom koju projicira publici, osje\u0107ajem da je njegova ekspresija iskrena \u0161to mu iz godine u godinu pomla\u0111uje publiku, ali i pove\u0107ava njezin broj.<\/p>\n<p>Koncert u Ka\u0161telima prava je glazbena poslastica za sve ljubitelje Massima, a \u010dinjenica da se koncert odr\u017eava na otvorenoj prirodnoj pozornici Igri\u0161\u0107a \u010dini ga jo\u0161 zanimljivijim za istinske fanove ovog glazbenika. Uz ograni\u010den broj posjetitelja zbog pandemije koronavirusa i mjere za\u0161tite, ulaz na koncert je slobodan!<\/p>\n<p>U privitku je cjelokupni program ovogodi\u0161njeg Ka\u0161telanskog kulturnog ljeta<\/p>\n","protected":false},"excerpt":{"rendered":"<p>Izvanredni hrvatski glazbenik Massimo Savi\u0107 ovoga vikenda sti\u017ee u Ka\u0161tela, gdje \u0107e u subotu, 4. srpnja na Igri\u0161\u0107u u Ka\u0161tel [&hellip;]<\/p>\n","protected":false},"author":7,"featured_media":5061,"comment_status":"closed","ping_status":"open","sticky":false,"template":"","format":"standard","meta":{"_acf_changed":false,"footnotes":""},"categories":[1],"tags":[],"class_list":["post-5060","post","type-post","status-publish","format-standard","has-post-thumbnail","hentry","category-novosti"],"acf":[],"_links":{"self":[{"href":"https:\/\/kastela.hr\/en\/wp-json\/wp\/v2\/posts\/5060","targetHints":{"allow":["GET"]}}],"collection":[{"href":"https:\/\/kastela.hr\/en\/wp-json\/wp\/v2\/posts"}],"about":[{"href":"https:\/\/kastela.hr\/en\/wp-json\/wp\/v2\/types\/post"}],"author":[{"embeddable":true,"href":"https:\/\/kastela.hr\/en\/wp-json\/wp\/v2\/users\/7"}],"replies":[{"embeddable":true,"href":"https:\/\/kastela.hr\/en\/wp-json\/wp\/v2\/comments?post=5060"}],"version-history":[{"count":1,"href":"https:\/\/kastela.hr\/en\/wp-json\/wp\/v2\/posts\/5060\/revisions"}],"predecessor-version":[{"id":7013,"href":"https:\/\/kastela.hr\/en\/wp-json\/wp\/v2\/posts\/5060\/revisions\/7013"}],"wp:featuredmedia":[{"embeddable":true,"href":"https:\/\/kastela.hr\/en\/wp-json\/wp\/v2\/media\/5061"}],"wp:attachment":[{"href":"https:\/\/kastela.hr\/en\/wp-json\/wp\/v2\/media?parent=5060"}],"wp:term":[{"taxonomy":"category","embeddable":true,"href":"https:\/\/kastela.hr\/en\/wp-json\/wp\/v2\/categories?post=5060"},{"taxonomy":"post_tag","embeddable":true,"href":"https:\/\/kastela.hr\/en\/wp-json\/wp\/v2\/tags?post=5060"}],"curies":[{"name":"wp","href":"https:\/\/api.w.org\/{rel}","templated":true}]}}