{"id":5054,"date":"2020-07-02T10:55:00","date_gmt":"2020-07-02T08:55:00","guid":{"rendered":"https:\/\/kastela.hr\/en\/2020\/07\/02\/zapocela-realizacija-projekta-aglomeracija-kastela-trogir\/"},"modified":"2024-08-29T10:48:08","modified_gmt":"2024-08-29T08:48:08","slug":"zapocela-realizacija-projekta-aglomeracija-kastela-trogir","status":"publish","type":"post","link":"https:\/\/kastela.hr\/en\/2020\/07\/02\/zapocela-realizacija-projekta-aglomeracija-kastela-trogir\/","title":{"rendered":"Zapo\u010dela realizacija projekta Aglomeracija Ka\u0161tela-Trogir"},"content":{"rendered":"<p>Ugovor za izgradnju dijela sekundarne kanalizacijske i vodoopskrbne mre\u017ee na podru\u010dju grada Ka\u0161tela potpisali su u Splitu predstavnici Vodovoda i kanalizacije Split kao investitora&nbsp;i Strabaga kao izvo\u0111a\u010da radova.<\/p>\n<p>Ugovor su potpisali direktor VIK-a Tomislav \u0160uta i ovla\u0161teni punomo\u0107nik Strabaga Walter Renner, uz prisustvo predstavnika Hrvatske elektroprivrede i Hrvatskog telekoma.<\/p>\n<p>Ovaj ugovor za investiciju vrijednu vi\u0161e od 263 milijuna kuna predstavlja prvi korak u realizaciji projekata pobolj\u0161anja vodno-komunalne infrastrukture \u0161ireg splitskog podru\u010dja, odnosno aglomeracija Ka\u0161tela-Trogir i Split-Solin vrijednih ukupno 3,2 milijarde kuna, koji se sufinanciraju sredstvima europskih strukturnih i investicijskih fondova kroz Operativni program Konkurentnost i kohezija. Ugovoreni radovi na podru\u010dju Ka\u0161tela predvi\u0111anju izgradnju vi\u0161e od 60 kilometara odvodnih cijevi, 25 kilometara vodoopskrbnih, od \u010dega \u0107e se u du\u017eini \u010detiri kilometra postaviti potpuno nove cijevi, dok ostatak predstavlja rekonstrukciju te crpne stanice Su\u0107urac 3 i cjevovoda od crpne stanice \u0160tafili\u0107, do odvojka za Rudine. Rok za zavr\u0161etak radova je 36 mjeseci.<\/p>\n<p>Ugovor za izgradnju dijela sekundarne kanalizacijske i vodoopskrbne mre\u017ee na podru\u010dju grada Ka\u0161tela dio je projekta Pobolj\u0161anje vodno-komunalne infrastrukture aglomeracije Ka\u0161tela &#8211; Trogir, ukupne vrijednosti 1,43 milijarde kuna, kojega s 803 milijuna kuna sufinancira Europska unija iz kohezijskog fonda kroz Operativni program Konkurentnost i kohezija 2014. &ndash; 2020.<\/p>\n<p>Izvor: privredni.hr<\/p>\n","protected":false},"excerpt":{"rendered":"<p>Ugovor za izgradnju dijela sekundarne kanalizacijske i vodoopskrbne mre\u017ee na podru\u010dju grada Ka\u0161tela potpisali su u Splitu predstavnici Vodovoda i [&hellip;]<\/p>\n","protected":false},"author":7,"featured_media":5055,"comment_status":"closed","ping_status":"open","sticky":false,"template":"","format":"standard","meta":{"_acf_changed":false,"footnotes":""},"categories":[1],"tags":[],"class_list":["post-5054","post","type-post","status-publish","format-standard","has-post-thumbnail","hentry","category-novosti"],"acf":[],"_links":{"self":[{"href":"https:\/\/kastela.hr\/en\/wp-json\/wp\/v2\/posts\/5054","targetHints":{"allow":["GET"]}}],"collection":[{"href":"https:\/\/kastela.hr\/en\/wp-json\/wp\/v2\/posts"}],"about":[{"href":"https:\/\/kastela.hr\/en\/wp-json\/wp\/v2\/types\/post"}],"author":[{"embeddable":true,"href":"https:\/\/kastela.hr\/en\/wp-json\/wp\/v2\/users\/7"}],"replies":[{"embeddable":true,"href":"https:\/\/kastela.hr\/en\/wp-json\/wp\/v2\/comments?post=5054"}],"version-history":[{"count":1,"href":"https:\/\/kastela.hr\/en\/wp-json\/wp\/v2\/posts\/5054\/revisions"}],"predecessor-version":[{"id":7011,"href":"https:\/\/kastela.hr\/en\/wp-json\/wp\/v2\/posts\/5054\/revisions\/7011"}],"wp:featuredmedia":[{"embeddable":true,"href":"https:\/\/kastela.hr\/en\/wp-json\/wp\/v2\/media\/5055"}],"wp:attachment":[{"href":"https:\/\/kastela.hr\/en\/wp-json\/wp\/v2\/media?parent=5054"}],"wp:term":[{"taxonomy":"category","embeddable":true,"href":"https:\/\/kastela.hr\/en\/wp-json\/wp\/v2\/categories?post=5054"},{"taxonomy":"post_tag","embeddable":true,"href":"https:\/\/kastela.hr\/en\/wp-json\/wp\/v2\/tags?post=5054"}],"curies":[{"name":"wp","href":"https:\/\/api.w.org\/{rel}","templated":true}]}}