{"id":5051,"date":"2020-07-03T03:36:00","date_gmt":"2020-07-03T01:36:00","guid":{"rendered":"https:\/\/kastela.hr\/en\/2020\/07\/03\/u-dvd-kastela-stiglo-novo-specijalno-vatrogasno-vozilo\/"},"modified":"2024-08-29T10:48:08","modified_gmt":"2024-08-29T08:48:08","slug":"u-dvd-kastela-stiglo-novo-specijalno-vatrogasno-vozilo","status":"publish","type":"post","link":"https:\/\/kastela.hr\/en\/2020\/07\/03\/u-dvd-kastela-stiglo-novo-specijalno-vatrogasno-vozilo\/","title":{"rendered":"U DVD Ka\u0161tela stiglo novo specijalno vatrogasno vozilo"},"content":{"rendered":"<p>U prostorijama Vatrogasne zajednice Splitsko-dalmatinske \u017eupanije u \u010detvrtak su uru\u010deni klju\u010devi specijalnih vatrogasnih vozila predsjednicima i zapovjednicima DVD-ova Hvara, Komi\u017ee, Makarske, Trogira, Okruga, Su\u0107urja i Ka\u0161tela.<\/p>\n<p>Tako je u DVD Ka\u0161tela stigla vatrogasna auto cisterna kapaciteta 8 tisu\u0107a litara vode i 500 litara pjenila koja je opremljena s raznim armaturama koje \u0107e uvelike pripomo\u0107i u intervencijama vatrogasnog dru\u0161tva.<\/p>\n<p>&nbsp;-Sretni smo i zadovoljni i nakon du\u017eeg niza godina smo u biti krenuli jednim normalnim putem u opremanju svih zada\u0107a koje se ispred nas postave. Posjedujemo sada jednu zavidnu opremu u samom dru\u0161tvu i podigli smo jedan nivo za\u0161tite od po\u017eara na podru\u010dju grada na ve\u0107i nivo &ndash; kazao je vatrogasni zapovjednik DVD-a Ka\u0161tela, Roko Maleti\u0107.<\/p>\n<p>Nabava specijalnih vatrogasnih vozila je s ciljem op\u0107e sigurnosti &nbsp;gra\u0111ana, a&nbsp; vozila \u0107e ve\u0107 danas biti funkcionalna te \u0107e biti na koristi svima nama, ali i gra\u0111anima, kazao je prilikom primopredaje klju\u010deva \u017eupanijski vatrogasni zapovjednik Dra\u017een Glavina.<\/p>\n<p>&#8211; \u017delim vam svima mirno i opu\u0161teno ljeto, volio bih da ovo ljeto pro\u0111e bez po\u017eara. Kolegama vatrogascima \u017eelim da ova vozila \u0161to vi\u0161e koriste za obuku, a \u0161to manje na terenskim intervencijama &ndash; istaknuo je Glavina.<\/p>\n<p>Ova prva grupa vozila nabavljena je na inicijativu Vatrogasne zajednice Splitsko-dalmatinske \u017eupanije, a uz potporu \u017dupanije te gradova i op\u0107ina.<\/p>\n<p>&#8211; Meni se u ne tako davnoj povijesti ovo \u010dinilo potpuno nestvarno za realizirati. Uspjeli smo realizirati jedan veliki i va\u017eni projekt kupovine 16 modernih specijalnih vozila za vatrogasne postrojbe. \u010cestitam vam zbog toga \u0161to sam i ja bio u sumnji ho\u0107e li uspjeti realizacija ovog projekta, nisam bio siguran u uspjeh, ali do\u0161ao je dana\u0161nji dan, uspjeli smo &#8211; kazao je \u017eupan&nbsp;Bla\u017eenko Boban.<\/p>\n<p>&nbsp;<\/p>\n<p>Tekst: PGK<\/p>\n<p>Foto: DVD Ka\u0161tela<\/p>\n","protected":false},"excerpt":{"rendered":"<p>U prostorijama Vatrogasne zajednice Splitsko-dalmatinske \u017eupanije u \u010detvrtak su uru\u010deni klju\u010devi specijalnih vatrogasnih vozila predsjednicima i zapovjednicima DVD-ova Hvara, Komi\u017ee, [&hellip;]<\/p>\n","protected":false},"author":7,"featured_media":5052,"comment_status":"closed","ping_status":"open","sticky":false,"template":"","format":"standard","meta":{"_acf_changed":false,"footnotes":""},"categories":[1],"tags":[],"class_list":["post-5051","post","type-post","status-publish","format-standard","has-post-thumbnail","hentry","category-novosti"],"acf":[],"_links":{"self":[{"href":"https:\/\/kastela.hr\/en\/wp-json\/wp\/v2\/posts\/5051","targetHints":{"allow":["GET"]}}],"collection":[{"href":"https:\/\/kastela.hr\/en\/wp-json\/wp\/v2\/posts"}],"about":[{"href":"https:\/\/kastela.hr\/en\/wp-json\/wp\/v2\/types\/post"}],"author":[{"embeddable":true,"href":"https:\/\/kastela.hr\/en\/wp-json\/wp\/v2\/users\/7"}],"replies":[{"embeddable":true,"href":"https:\/\/kastela.hr\/en\/wp-json\/wp\/v2\/comments?post=5051"}],"version-history":[{"count":1,"href":"https:\/\/kastela.hr\/en\/wp-json\/wp\/v2\/posts\/5051\/revisions"}],"predecessor-version":[{"id":7010,"href":"https:\/\/kastela.hr\/en\/wp-json\/wp\/v2\/posts\/5051\/revisions\/7010"}],"wp:featuredmedia":[{"embeddable":true,"href":"https:\/\/kastela.hr\/en\/wp-json\/wp\/v2\/media\/5052"}],"wp:attachment":[{"href":"https:\/\/kastela.hr\/en\/wp-json\/wp\/v2\/media?parent=5051"}],"wp:term":[{"taxonomy":"category","embeddable":true,"href":"https:\/\/kastela.hr\/en\/wp-json\/wp\/v2\/categories?post=5051"},{"taxonomy":"post_tag","embeddable":true,"href":"https:\/\/kastela.hr\/en\/wp-json\/wp\/v2\/tags?post=5051"}],"curies":[{"name":"wp","href":"https:\/\/api.w.org\/{rel}","templated":true}]}}