{"id":5030,"date":"2020-07-04T19:24:00","date_gmt":"2020-07-04T17:24:00","guid":{"rendered":"https:\/\/kastela.hr\/en\/2020\/07\/04\/nastupom-massima-otvoreno-22-kastelansko-kulturno-ljeto\/"},"modified":"2024-08-29T10:48:08","modified_gmt":"2024-08-29T08:48:08","slug":"nastupom-massima-otvoreno-22-kastelansko-kulturno-ljeto","status":"publish","type":"post","link":"https:\/\/kastela.hr\/en\/2020\/07\/04\/nastupom-massima-otvoreno-22-kastelansko-kulturno-ljeto\/","title":{"rendered":"Nastupom Massima otvoreno 22. Ka\u0161telansko kulturno ljeto"},"content":{"rendered":"<p>Nastupom Massima Savi\u0107a na Igri\u0161\u0107u u Ka\u0161tel \u0160tafili\u0107u, sve\u010dano je otvoreno 22. Ka\u0161telansko kulturno ljeto koje, ove godine zbog pandemije koronavirusa, broji \u010detrdesetak doga\u0111anja.<\/p>\n<p>&#8211;&nbsp;Po\u0161tuju\u0107i upute Nacionalnog sto\u017eera, nastojali smo obuhvatiti \u0161to ve\u0107i broj na\u0161ih tradicionalnih doga\u0111anja koja su se odr\u017eavala prethodnih godina. Program je podlo\u017ean izmjenama u skladu s novonastalom situacijom, ali dat \u0107emo sve od sebe da se odr\u017ei \u0161to ve\u0107i broj doga\u0111anja u na\u0161em gradu. Na\u0161i sugra\u0111ani i njihovi gosti ovoga ljeta \u0107e mo\u0107i u\u017eivati u predstavi &bdquo;\u0106iro&ldquo; u izvedbi Tarika Filipovi\u0107a, na Barbarincu \u0107e zapjevati TBF, organizatori Lovestock festivala prire\u0111uju kreativne radionice uz koncerte grupa Kojoti, M.O.R.T, Kries, Ritam srca, tu su i Ve\u010deri dalmatinske pisme &bdquo;Trag u beskraju&ldquo; s tim da \u0107e se odr\u017eati samo revijalna ve\u010der, Legenda o Miljenku i Dobrili sadr\u017ei filmske ve\u010deri na otvorenom te koncert Vanne i Neverinki, Ve\u010deri kod svetog Jeronima, koncert klape Podvorje, klape \u0160torija, te Ve\u010der glendi i batudi. To su samo su neka od brojnih zanimljivih doga\u0111anja u okviru ovogodi\u0161njeg kulturnog ljeta &ndash; kazao je ovom prilikom gradona\u010delnik Denis Ivanovi\u0107 nakon \u010dega je manifestaciju proglasio otvorenom.<\/p>\n<p>Nakon pjesme &bdquo;Zvona moga grada&ldquo; u izvedbi ka\u0161telanske operne dive Antonije Teskera uz klavirsku pratnju Zorana Veli\u0107a, publika je s nestrpljenjem do\u010dekala koncert Massima. Svojim bezvremenskim hitovima jo\u0161 iz vremena grupe Dorian Grey, kao i ne\u0161to novijim uspje\u0161nicama, Massimo je posebno emotivno dotaknuo srca svih prisutnih koji su mogli u\u017eivati u hitovima &bdquo;Neka ti plove brodovi&ldquo;, Ti\u0161ina&ldquo;, &bdquo;Iz jednog pogleda&ldquo;&#8230; I ovoga je puta Massimo je pokazao kako plijeni energijom koju projicira publici, ostavlja osje\u0107aj iskrene ekspresije i na poseban na\u010din pri\u010da neku svoju emotivnu pri\u010du.<\/p>\n<p>Pridr\u017eavaju\u0107i se uputa Nacionalnog sto\u017eera civilne za\u0161tite, pojedina doga\u0111anja u okviru ovogodi\u0161njeg programa kulturnog ljeta nije mogu\u0107e odr\u017eati, tako da nema dje\u010djeg programa, gastro manifestacija, odre\u0111enih sportskih manifestacija te onog zabavnog dijela ljeta. Novost je i da \u0107e se veliki broj manifestacija odr\u017eavati na najve\u0107im lokacijama u gradu poput Novog parka u Ka\u0161tel Luk\u0161i\u0107u, Igri\u0161\u0107a u Ka\u0161tel \u0160tafili\u0107u ili Brca u Ka\u0161tel Kambelovcu. Unato\u010d ograni\u010denjima, dobre zabave ni ovoga ljeta ne\u0107e nedostajati.<\/p>\n","protected":false},"excerpt":{"rendered":"<p>Nastupom Massima Savi\u0107a na Igri\u0161\u0107u u Ka\u0161tel \u0160tafili\u0107u, sve\u010dano je otvoreno 22. Ka\u0161telansko kulturno ljeto koje, ove godine zbog pandemije [&hellip;]<\/p>\n","protected":false},"author":7,"featured_media":5031,"comment_status":"closed","ping_status":"open","sticky":false,"template":"","format":"standard","meta":{"_acf_changed":false,"footnotes":""},"categories":[1],"tags":[],"class_list":["post-5030","post","type-post","status-publish","format-standard","has-post-thumbnail","hentry","category-novosti"],"acf":[],"_links":{"self":[{"href":"https:\/\/kastela.hr\/en\/wp-json\/wp\/v2\/posts\/5030","targetHints":{"allow":["GET"]}}],"collection":[{"href":"https:\/\/kastela.hr\/en\/wp-json\/wp\/v2\/posts"}],"about":[{"href":"https:\/\/kastela.hr\/en\/wp-json\/wp\/v2\/types\/post"}],"author":[{"embeddable":true,"href":"https:\/\/kastela.hr\/en\/wp-json\/wp\/v2\/users\/7"}],"replies":[{"embeddable":true,"href":"https:\/\/kastela.hr\/en\/wp-json\/wp\/v2\/comments?post=5030"}],"version-history":[{"count":1,"href":"https:\/\/kastela.hr\/en\/wp-json\/wp\/v2\/posts\/5030\/revisions"}],"predecessor-version":[{"id":7009,"href":"https:\/\/kastela.hr\/en\/wp-json\/wp\/v2\/posts\/5030\/revisions\/7009"}],"wp:featuredmedia":[{"embeddable":true,"href":"https:\/\/kastela.hr\/en\/wp-json\/wp\/v2\/media\/5031"}],"wp:attachment":[{"href":"https:\/\/kastela.hr\/en\/wp-json\/wp\/v2\/media?parent=5030"}],"wp:term":[{"taxonomy":"category","embeddable":true,"href":"https:\/\/kastela.hr\/en\/wp-json\/wp\/v2\/categories?post=5030"},{"taxonomy":"post_tag","embeddable":true,"href":"https:\/\/kastela.hr\/en\/wp-json\/wp\/v2\/tags?post=5030"}],"curies":[{"name":"wp","href":"https:\/\/api.w.org\/{rel}","templated":true}]}}