{"id":5021,"date":"2020-07-10T09:08:00","date_gmt":"2020-07-10T07:08:00","guid":{"rendered":"https:\/\/kastela.hr\/en\/2020\/07\/10\/predstava-ciro-ove-subote-u-kastel-luksicu\/"},"modified":"2024-08-29T10:48:08","modified_gmt":"2024-08-29T08:48:08","slug":"predstava-ciro-ove-subote-u-kastel-luksicu","status":"publish","type":"post","link":"https:\/\/kastela.hr\/en\/2020\/07\/10\/predstava-ciro-ove-subote-u-kastel-luksicu\/","title":{"rendered":"Predstava \u201e\u0106iro\u201c ove subote u Ka\u0161tel Luk\u0161i\u0107u"},"content":{"rendered":"<p>U okviru ovogodi\u0161njeg programa Ka\u0161telanskog kulturnog ljeta, ove subote 11. srpnja, u Novom parku u Ka\u0161tel Luk\u0161i\u0107u s po\u010detkom u 21 sat odr\u017eat \u0107e se predstava &bdquo;\u0106iro&ldquo; u izvedbi Tarika Filipovi\u0107a.<\/p>\n<p>Autorska predstava jednog od najpoznatijih glumaca u regiji i televizijskog voditelja Tarika Filipovi\u0107a&nbsp; &ndash; &bdquo;\u0106iro&ldquo;, o \u017eivotu Miroslava \u0106ire Bla\u017eevi\u0107a, odu\u0161evila je publiku diljem Hrvatske.<\/p>\n<p>Osobnost \u0106ire Bla\u017eevi\u0107a inspirirala je Tarika Filipovi\u0107a da publici, nakon dugogodi\u0161njeg prijateljstva s njim, da uvid u svoj do\u017eivljaj ovog duhovitog, osebujnog i neponovljivog nogometnog trenera.<\/p>\n<p>Ulaz na predstavu je besplatan, a posjetiteljima se preporu\u010duje da se pridr\u017eavaju svih mjera za\u0161tite od koronavirusa.<\/p>\n","protected":false},"excerpt":{"rendered":"<p>U okviru ovogodi\u0161njeg programa Ka\u0161telanskog kulturnog ljeta, ove subote 11. srpnja, u Novom parku u Ka\u0161tel Luk\u0161i\u0107u s po\u010detkom u [&hellip;]<\/p>\n","protected":false},"author":7,"featured_media":5022,"comment_status":"closed","ping_status":"open","sticky":false,"template":"","format":"standard","meta":{"_acf_changed":false,"footnotes":""},"categories":[1],"tags":[],"class_list":["post-5021","post","type-post","status-publish","format-standard","has-post-thumbnail","hentry","category-novosti"],"acf":[],"_links":{"self":[{"href":"https:\/\/kastela.hr\/en\/wp-json\/wp\/v2\/posts\/5021","targetHints":{"allow":["GET"]}}],"collection":[{"href":"https:\/\/kastela.hr\/en\/wp-json\/wp\/v2\/posts"}],"about":[{"href":"https:\/\/kastela.hr\/en\/wp-json\/wp\/v2\/types\/post"}],"author":[{"embeddable":true,"href":"https:\/\/kastela.hr\/en\/wp-json\/wp\/v2\/users\/7"}],"replies":[{"embeddable":true,"href":"https:\/\/kastela.hr\/en\/wp-json\/wp\/v2\/comments?post=5021"}],"version-history":[{"count":1,"href":"https:\/\/kastela.hr\/en\/wp-json\/wp\/v2\/posts\/5021\/revisions"}],"predecessor-version":[{"id":7006,"href":"https:\/\/kastela.hr\/en\/wp-json\/wp\/v2\/posts\/5021\/revisions\/7006"}],"wp:featuredmedia":[{"embeddable":true,"href":"https:\/\/kastela.hr\/en\/wp-json\/wp\/v2\/media\/5022"}],"wp:attachment":[{"href":"https:\/\/kastela.hr\/en\/wp-json\/wp\/v2\/media?parent=5021"}],"wp:term":[{"taxonomy":"category","embeddable":true,"href":"https:\/\/kastela.hr\/en\/wp-json\/wp\/v2\/categories?post=5021"},{"taxonomy":"post_tag","embeddable":true,"href":"https:\/\/kastela.hr\/en\/wp-json\/wp\/v2\/tags?post=5021"}],"curies":[{"name":"wp","href":"https:\/\/api.w.org\/{rel}","templated":true}]}}