{"id":5018,"date":"2020-07-13T08:56:00","date_gmt":"2020-07-13T06:56:00","guid":{"rendered":"https:\/\/kastela.hr\/en\/2020\/07\/13\/veceri-kod-svetog-jeronima-u-kastel-gomilici\/"},"modified":"2024-08-29T10:48:08","modified_gmt":"2024-08-29T08:48:08","slug":"veceri-kod-svetog-jeronima-u-kastel-gomilici","status":"publish","type":"post","link":"https:\/\/kastela.hr\/en\/2020\/07\/13\/veceri-kod-svetog-jeronima-u-kastel-gomilici\/","title":{"rendered":"Ve\u010deri kod Svetog Jeronima u Ka\u0161tel Gomilici"},"content":{"rendered":"<p>U okviru programa Ka\u0161telanskog kulturnog ljeta 2020. u utorak 14. srpnja s po\u010detkom u 20:30 sati ispred stare crkve svetog Jeronima u Ka\u0161tel Gomilici odr\u017eat \u0107e se koncert &bdquo;Ve\u010deri kod Svetog Jeronima&ldquo;. Nastupaju kvartet gitara: Zoran Duki\u0107, Maroje Br\u010di\u0107, Petrit Ceku i Tvrtko Sari\u0107. Organizator je Udruga sveti Jeronim<\/p>\n<p>&nbsp;<\/p>\n<p>&nbsp;<\/p>\n","protected":false},"excerpt":{"rendered":"<p>U okviru programa Ka\u0161telanskog kulturnog ljeta 2020. u utorak 14. srpnja s po\u010detkom u 20:30 sati ispred stare crkve svetog [&hellip;]<\/p>\n","protected":false},"author":7,"featured_media":5019,"comment_status":"closed","ping_status":"open","sticky":false,"template":"","format":"standard","meta":{"_acf_changed":false,"footnotes":""},"categories":[1],"tags":[],"class_list":["post-5018","post","type-post","status-publish","format-standard","has-post-thumbnail","hentry","category-novosti"],"acf":[],"_links":{"self":[{"href":"https:\/\/kastela.hr\/en\/wp-json\/wp\/v2\/posts\/5018","targetHints":{"allow":["GET"]}}],"collection":[{"href":"https:\/\/kastela.hr\/en\/wp-json\/wp\/v2\/posts"}],"about":[{"href":"https:\/\/kastela.hr\/en\/wp-json\/wp\/v2\/types\/post"}],"author":[{"embeddable":true,"href":"https:\/\/kastela.hr\/en\/wp-json\/wp\/v2\/users\/7"}],"replies":[{"embeddable":true,"href":"https:\/\/kastela.hr\/en\/wp-json\/wp\/v2\/comments?post=5018"}],"version-history":[{"count":1,"href":"https:\/\/kastela.hr\/en\/wp-json\/wp\/v2\/posts\/5018\/revisions"}],"predecessor-version":[{"id":7005,"href":"https:\/\/kastela.hr\/en\/wp-json\/wp\/v2\/posts\/5018\/revisions\/7005"}],"wp:featuredmedia":[{"embeddable":true,"href":"https:\/\/kastela.hr\/en\/wp-json\/wp\/v2\/media\/5019"}],"wp:attachment":[{"href":"https:\/\/kastela.hr\/en\/wp-json\/wp\/v2\/media?parent=5018"}],"wp:term":[{"taxonomy":"category","embeddable":true,"href":"https:\/\/kastela.hr\/en\/wp-json\/wp\/v2\/categories?post=5018"},{"taxonomy":"post_tag","embeddable":true,"href":"https:\/\/kastela.hr\/en\/wp-json\/wp\/v2\/tags?post=5018"}],"curies":[{"name":"wp","href":"https:\/\/api.w.org\/{rel}","templated":true}]}}