{"id":5012,"date":"2020-07-15T03:48:00","date_gmt":"2020-07-15T01:48:00","guid":{"rendered":"https:\/\/kastela.hr\/en\/2020\/07\/15\/predstava-udavace-u-novom-parku-u-kastel-luksicu\/"},"modified":"2024-08-29T10:48:08","modified_gmt":"2024-08-29T08:48:08","slug":"predstava-udavace-u-novom-parku-u-kastel-luksicu","status":"publish","type":"post","link":"https:\/\/kastela.hr\/en\/2020\/07\/15\/predstava-udavace-u-novom-parku-u-kastel-luksicu\/","title":{"rendered":"Predstava \u201eUdava\u010de\u201c u Novom parku u Ka\u0161tel Luk\u0161i\u0107u"},"content":{"rendered":"<p>U okviru programa Ka\u0161telanskog kulturnog ljeta u srijedu, 15. srpnja u 21 sat u Novom parku u Ka\u0161tel Luk\u0161i\u0107u glumci Hit teatra izvest \u0107e predstavu Udava\u010de. Predstava je ra\u0111ena po tekstu&nbsp;<strong>Matka Elezovi\u0107a<\/strong>, re\u017eiju potpisuje&nbsp;<strong>Mario Kova\u010d<\/strong>, a u njoj glume&nbsp;<strong>Jan Kereke\u0161, Matea Elezovi\u0107 Brdar i Erna Rudni\u010dki.<\/strong><\/p>\n<p><em>Predstava britkim i zaigranim&nbsp;humorom svjetla reflektora baca na moderna vjen\u010danja i propitkuje \u0161iroku lepezu razli\u010ditih svadbi, kao i vi\u0161eslojne razloge&nbsp;koje pojedince dovode do onog &#39;sudbonosnog da&#39;.<\/em><\/p>\n<p><em>Od romskog vjen\u010danja s osebujnim obi\u010dajima i pravilima, vjen\u010danja iz vedra&nbsp;neba luckaste bakice u poznim godinama koja se na vje\u010dnu ljubav zaklinje u blje\u0161tavom Las Vegasu, pa sve do jedne neobi\u010dne&nbsp;svadbe iz koristi radi financijskog poticaja OPG-a, \u010dak petnaest \u0161arolikih likova iz svakodnevnog \u017eivota koji je uvijek pun&nbsp;(ne)ugodnih iznena\u0111enja utjelovljuje izvrstan gluma\u010dki trio &ndash; Jan Kereke\u0161, Matea Elezovi\u0107 Brdar i Erna Rudni\u010dki &ndash; donose\u0107i&nbsp;hipnotiziraju\u0107u magiju kazali\u0161ta koja \u0107e vas i&nbsp;<\/em>zabaviti<em>&nbsp;i zamisliti.<\/em><\/p>\n<p>&nbsp;<\/p>\n","protected":false},"excerpt":{"rendered":"<p>U okviru programa Ka\u0161telanskog kulturnog ljeta u srijedu, 15. srpnja u 21 sat u Novom parku u Ka\u0161tel Luk\u0161i\u0107u glumci [&hellip;]<\/p>\n","protected":false},"author":7,"featured_media":5013,"comment_status":"closed","ping_status":"open","sticky":false,"template":"","format":"standard","meta":{"_acf_changed":false,"footnotes":""},"categories":[1],"tags":[],"class_list":["post-5012","post","type-post","status-publish","format-standard","has-post-thumbnail","hentry","category-novosti"],"acf":[],"_links":{"self":[{"href":"https:\/\/kastela.hr\/en\/wp-json\/wp\/v2\/posts\/5012","targetHints":{"allow":["GET"]}}],"collection":[{"href":"https:\/\/kastela.hr\/en\/wp-json\/wp\/v2\/posts"}],"about":[{"href":"https:\/\/kastela.hr\/en\/wp-json\/wp\/v2\/types\/post"}],"author":[{"embeddable":true,"href":"https:\/\/kastela.hr\/en\/wp-json\/wp\/v2\/users\/7"}],"replies":[{"embeddable":true,"href":"https:\/\/kastela.hr\/en\/wp-json\/wp\/v2\/comments?post=5012"}],"version-history":[{"count":1,"href":"https:\/\/kastela.hr\/en\/wp-json\/wp\/v2\/posts\/5012\/revisions"}],"predecessor-version":[{"id":7003,"href":"https:\/\/kastela.hr\/en\/wp-json\/wp\/v2\/posts\/5012\/revisions\/7003"}],"wp:featuredmedia":[{"embeddable":true,"href":"https:\/\/kastela.hr\/en\/wp-json\/wp\/v2\/media\/5013"}],"wp:attachment":[{"href":"https:\/\/kastela.hr\/en\/wp-json\/wp\/v2\/media?parent=5012"}],"wp:term":[{"taxonomy":"category","embeddable":true,"href":"https:\/\/kastela.hr\/en\/wp-json\/wp\/v2\/categories?post=5012"},{"taxonomy":"post_tag","embeddable":true,"href":"https:\/\/kastela.hr\/en\/wp-json\/wp\/v2\/tags?post=5012"}],"curies":[{"name":"wp","href":"https:\/\/api.w.org\/{rel}","templated":true}]}}