{"id":5009,"date":"2020-07-15T05:51:00","date_gmt":"2020-07-15T03:51:00","guid":{"rendered":"https:\/\/kastela.hr\/en\/2020\/07\/15\/cestitka-gradonacelnika-nagradenim-malisanima-na-malom-splitu\/"},"modified":"2024-08-29T10:48:08","modified_gmt":"2024-08-29T08:48:08","slug":"cestitka-gradonacelnika-nagradenim-malisanima-na-malom-splitu","status":"publish","type":"post","link":"https:\/\/kastela.hr\/en\/2020\/07\/15\/cestitka-gradonacelnika-nagradenim-malisanima-na-malom-splitu\/","title":{"rendered":"\u010cestitka gradona\u010delnika nagra\u0111enim mali\u0161anima na Malom Splitu"},"content":{"rendered":"<p>Na ovogodi\u0161njem 30. festivalu Mali Split, kao i svake godine, sudjelovali su i ka\u0161telanski mali\u0161ani koji su ovoga puta osvojili simpatije stru\u010dnog ocjenjiva\u010dkog suda. S obzirom da Grad Ka\u0161tela posebno vodi ra\u010duna o svojim najmla\u0111im sugra\u0111anima, gradona\u010delnik Denis Ivanovi\u0107 odlu\u010dio je ovim putem uputiti \u010destitke pobjednicima<\/p>\n<p>&#8211; Pandemija koronavirusa sprje\u010dava nas da uprili\u010dimo sve\u010dani prijem za na\u0161e mali\u0161ane, njihove roditelje i nastavnike tako da ovim putem \u010destitam svima koji su sudjelovali na ovogodi\u0161njem festivalu. Kako bi jo\u0161 vi\u0161e poticali kreativnost na\u0161ih najmla\u0111ih, odlu\u010dili smo nov\u010danim iznosom od pet, dvije i tisu\u0107u kuna nagraditi djecu koja su ove godine bila najbolja, ovisno o osvojenoj nagradi. Ponosni smo \u0161to ka\u0161telanska djeca svake godine trijumfiraju na ovom festivalu \u0161to je dokaz da u ovom slu\u010daju, osim talenta, veliku ulogu ima predani rad djece, roditelja i nastavnika &ndash; poru\u010duje gradona\u010delnik Ivanovi\u0107.<\/p>\n<p>Najboljom izvedbom festivalski \u017eiri ocijenio je nastup i pjesmu &bdquo;Ne boj se&ldquo; Lane Rubelj. Druga nagrada \u017eirija oti\u0161la je Andrei \u0160u\u0161njari, koja je izvela pjesmu &bdquo;Dite pored mora&ldquo;, dok je tre\u0107e mjesto \u017eiri dodijelio Fabjanu Bedalovu i njegovoj interpretaciji pjesme &bdquo;Di\u010dja Torcida&ldquo;.<\/p>\n<p>Iz predostro\u017enosti, ove godine nije bilo klasi\u010dnog glasanja i dodijele nagrade pred publikom tako da su pobjednici progla\u0161eni na Facebook stranici Malog Splita. Svakome sudioniku ovog uzbudljivog i razigranog doga\u0111aja poklonjena je, tradicionalno, &ldquo;Uspomena&rdquo;, prigodni poklon direkcije festivala, a dodjela nagrada bit \u0107e prikazana u programu TV Jadrana 20. srpnja.<\/p>\n<p>Foto: arhiva Grad Ka\u0161tela<\/p>\n","protected":false},"excerpt":{"rendered":"<p>Na ovogodi\u0161njem 30. festivalu Mali Split, kao i svake godine, sudjelovali su i ka\u0161telanski mali\u0161ani koji su ovoga puta osvojili [&hellip;]<\/p>\n","protected":false},"author":7,"featured_media":5010,"comment_status":"closed","ping_status":"open","sticky":false,"template":"","format":"standard","meta":{"_acf_changed":false,"footnotes":""},"categories":[1],"tags":[],"class_list":["post-5009","post","type-post","status-publish","format-standard","has-post-thumbnail","hentry","category-novosti"],"acf":[],"_links":{"self":[{"href":"https:\/\/kastela.hr\/en\/wp-json\/wp\/v2\/posts\/5009","targetHints":{"allow":["GET"]}}],"collection":[{"href":"https:\/\/kastela.hr\/en\/wp-json\/wp\/v2\/posts"}],"about":[{"href":"https:\/\/kastela.hr\/en\/wp-json\/wp\/v2\/types\/post"}],"author":[{"embeddable":true,"href":"https:\/\/kastela.hr\/en\/wp-json\/wp\/v2\/users\/7"}],"replies":[{"embeddable":true,"href":"https:\/\/kastela.hr\/en\/wp-json\/wp\/v2\/comments?post=5009"}],"version-history":[{"count":1,"href":"https:\/\/kastela.hr\/en\/wp-json\/wp\/v2\/posts\/5009\/revisions"}],"predecessor-version":[{"id":7002,"href":"https:\/\/kastela.hr\/en\/wp-json\/wp\/v2\/posts\/5009\/revisions\/7002"}],"wp:featuredmedia":[{"embeddable":true,"href":"https:\/\/kastela.hr\/en\/wp-json\/wp\/v2\/media\/5010"}],"wp:attachment":[{"href":"https:\/\/kastela.hr\/en\/wp-json\/wp\/v2\/media?parent=5009"}],"wp:term":[{"taxonomy":"category","embeddable":true,"href":"https:\/\/kastela.hr\/en\/wp-json\/wp\/v2\/categories?post=5009"},{"taxonomy":"post_tag","embeddable":true,"href":"https:\/\/kastela.hr\/en\/wp-json\/wp\/v2\/tags?post=5009"}],"curies":[{"name":"wp","href":"https:\/\/api.w.org\/{rel}","templated":true}]}}