{"id":5000,"date":"2020-07-17T04:07:00","date_gmt":"2020-07-17T02:07:00","guid":{"rendered":"https:\/\/kastela.hr\/en\/2020\/07\/17\/veceri-kod-svetog-jeronima-u-ponedjeljak\/"},"modified":"2024-08-29T10:48:08","modified_gmt":"2024-08-29T08:48:08","slug":"veceri-kod-svetog-jeronima-u-ponedjeljak","status":"publish","type":"post","link":"https:\/\/kastela.hr\/en\/2020\/07\/17\/veceri-kod-svetog-jeronima-u-ponedjeljak\/","title":{"rendered":"Ve\u010deri kod svetog Jeronima u ponedjeljak"},"content":{"rendered":"<p>U okviru programa Ka\u0161telanskog kulturnog ljeta, a na rasporedu festivala &bdquo;Ve\u010deri kod svetog Jeronima&ldquo;&nbsp; ovoga ponedjeljka, 20. srpnja s po\u010detkom u 20:30 sati ispred stare crkve u Ka\u0161tel Gomilici nastupit \u0107e Goran Tudor na saksofonu i Mislav Re\u017ei\u0107 na gitari<\/p>\n<p>Koncertom Hrvatskog gitarskog kvarteta u staroj crkvi u Ka\u0161tel Gomilici ovoga tjedna je otvoreno&nbsp;tre\u0107e izdanje festivala komorne glazbe Glazbene ve\u010deri kod Sv. Jeronima. Festival se odr\u017eava u sklopu Ka\u0161telanskog kulturnog ljeta u organizaciji Udruge sveti Jeronim, a pod pokroviteljstvom Ministarstva kulture, Grada Ka\u0161tela i Turisti\u010dke zajednice Ka\u0161tela te uz umjetni\u010dko ravnanje Mislava Re\u017ei\u0107a.<\/p>\n","protected":false},"excerpt":{"rendered":"<p>U okviru programa Ka\u0161telanskog kulturnog ljeta, a na rasporedu festivala &bdquo;Ve\u010deri kod svetog Jeronima&ldquo;&nbsp; ovoga ponedjeljka, 20. srpnja s po\u010detkom [&hellip;]<\/p>\n","protected":false},"author":7,"featured_media":5001,"comment_status":"closed","ping_status":"open","sticky":false,"template":"","format":"standard","meta":{"_acf_changed":false,"footnotes":""},"categories":[1],"tags":[],"class_list":["post-5000","post","type-post","status-publish","format-standard","has-post-thumbnail","hentry","category-novosti"],"acf":[],"_links":{"self":[{"href":"https:\/\/kastela.hr\/en\/wp-json\/wp\/v2\/posts\/5000","targetHints":{"allow":["GET"]}}],"collection":[{"href":"https:\/\/kastela.hr\/en\/wp-json\/wp\/v2\/posts"}],"about":[{"href":"https:\/\/kastela.hr\/en\/wp-json\/wp\/v2\/types\/post"}],"author":[{"embeddable":true,"href":"https:\/\/kastela.hr\/en\/wp-json\/wp\/v2\/users\/7"}],"replies":[{"embeddable":true,"href":"https:\/\/kastela.hr\/en\/wp-json\/wp\/v2\/comments?post=5000"}],"version-history":[{"count":1,"href":"https:\/\/kastela.hr\/en\/wp-json\/wp\/v2\/posts\/5000\/revisions"}],"predecessor-version":[{"id":6999,"href":"https:\/\/kastela.hr\/en\/wp-json\/wp\/v2\/posts\/5000\/revisions\/6999"}],"wp:featuredmedia":[{"embeddable":true,"href":"https:\/\/kastela.hr\/en\/wp-json\/wp\/v2\/media\/5001"}],"wp:attachment":[{"href":"https:\/\/kastela.hr\/en\/wp-json\/wp\/v2\/media?parent=5000"}],"wp:term":[{"taxonomy":"category","embeddable":true,"href":"https:\/\/kastela.hr\/en\/wp-json\/wp\/v2\/categories?post=5000"},{"taxonomy":"post_tag","embeddable":true,"href":"https:\/\/kastela.hr\/en\/wp-json\/wp\/v2\/tags?post=5000"}],"curies":[{"name":"wp","href":"https:\/\/api.w.org\/{rel}","templated":true}]}}