{"id":4997,"date":"2020-07-17T04:17:00","date_gmt":"2020-07-17T02:17:00","guid":{"rendered":"https:\/\/kastela.hr\/en\/2020\/07\/17\/grad-kastela-sufinancira-radni-materijal-za-osnovnoskolce\/"},"modified":"2024-08-29T10:48:08","modified_gmt":"2024-08-29T08:48:08","slug":"grad-kastela-sufinancira-radni-materijal-za-osnovnoskolce","status":"publish","type":"post","link":"https:\/\/kastela.hr\/en\/2020\/07\/17\/grad-kastela-sufinancira-radni-materijal-za-osnovnoskolce\/","title":{"rendered":"Grad Ka\u0161tela sufinancira radni materijal za osnovno\u0161kolce"},"content":{"rendered":"<p>Grad Ka\u0161tela sufinancirat \u0107e radne materijale potrebne za nastavu \u0161to \u0107e svim roditeljima osnovno\u0161kolaca pomo\u0107i s iznosom od 200, odnosno 300 kuna po u\u010deniku.<\/p>\n<p>Grad \u0107e sufinancirati radne materijale u iznosu od 200 kuna za u\u010denike od 1. do 4. razreda te u iznosu od 300 kuna za u\u010denike od 5. do 8. razreda. Pravo ostvaruju svi u\u010denici koji poha\u0111aju osnovnu \u0161kolu na podru\u010dju grada Ka\u0161tela, a radi se o gotovo 4000 u\u010denika.<\/p>\n<p>Sredstva su predvi\u0111ena u prora\u010dunu, a odluku o raspodjeli donijet \u0107e Gradsko vije\u0107e na prvoj slijede\u0107oj sjednici. Radi se o iznosu od oko milijun &nbsp;kuna koji bi se roditeljima trebao ispla\u0107ivati tijekom rujna. O vremenu i na\u010dinu isplate roditelji \u0107e biti obavije\u0161teni putem medija i slu\u017ebene stranice Grada.<\/p>\n<p>&nbsp;<\/p>\n<p>&nbsp;<\/p>\n","protected":false},"excerpt":{"rendered":"<p>Grad Ka\u0161tela sufinancirat \u0107e radne materijale potrebne za nastavu \u0161to \u0107e svim roditeljima osnovno\u0161kolaca pomo\u0107i s iznosom od 200, odnosno [&hellip;]<\/p>\n","protected":false},"author":7,"featured_media":4998,"comment_status":"closed","ping_status":"open","sticky":false,"template":"","format":"standard","meta":{"_acf_changed":false,"footnotes":""},"categories":[1],"tags":[],"class_list":["post-4997","post","type-post","status-publish","format-standard","has-post-thumbnail","hentry","category-novosti"],"acf":[],"_links":{"self":[{"href":"https:\/\/kastela.hr\/en\/wp-json\/wp\/v2\/posts\/4997","targetHints":{"allow":["GET"]}}],"collection":[{"href":"https:\/\/kastela.hr\/en\/wp-json\/wp\/v2\/posts"}],"about":[{"href":"https:\/\/kastela.hr\/en\/wp-json\/wp\/v2\/types\/post"}],"author":[{"embeddable":true,"href":"https:\/\/kastela.hr\/en\/wp-json\/wp\/v2\/users\/7"}],"replies":[{"embeddable":true,"href":"https:\/\/kastela.hr\/en\/wp-json\/wp\/v2\/comments?post=4997"}],"version-history":[{"count":1,"href":"https:\/\/kastela.hr\/en\/wp-json\/wp\/v2\/posts\/4997\/revisions"}],"predecessor-version":[{"id":6998,"href":"https:\/\/kastela.hr\/en\/wp-json\/wp\/v2\/posts\/4997\/revisions\/6998"}],"wp:featuredmedia":[{"embeddable":true,"href":"https:\/\/kastela.hr\/en\/wp-json\/wp\/v2\/media\/4998"}],"wp:attachment":[{"href":"https:\/\/kastela.hr\/en\/wp-json\/wp\/v2\/media?parent=4997"}],"wp:term":[{"taxonomy":"category","embeddable":true,"href":"https:\/\/kastela.hr\/en\/wp-json\/wp\/v2\/categories?post=4997"},{"taxonomy":"post_tag","embeddable":true,"href":"https:\/\/kastela.hr\/en\/wp-json\/wp\/v2\/tags?post=4997"}],"curies":[{"name":"wp","href":"https:\/\/api.w.org\/{rel}","templated":true}]}}