{"id":4994,"date":"2020-07-17T08:05:00","date_gmt":"2020-07-17T06:05:00","guid":{"rendered":"https:\/\/kastela.hr\/en\/2020\/07\/17\/izlozba-slika-i-poezija-dinka-bekavca-te-koncert-klape-kampaneli\/"},"modified":"2024-08-29T10:48:08","modified_gmt":"2024-08-29T08:48:08","slug":"izlozba-slika-i-poezija-dinka-bekavca-te-koncert-klape-kampaneli","status":"publish","type":"post","link":"https:\/\/kastela.hr\/en\/2020\/07\/17\/izlozba-slika-i-poezija-dinka-bekavca-te-koncert-klape-kampaneli\/","title":{"rendered":"Izlo\u017eba slika i poezija Dinka Bekavca te koncert klape Kampaneli"},"content":{"rendered":"<p>Ovoga utorka, 21.srpnja 2020. s po\u010detkom u 20 sati u atriju dvorca Vitturi u Ka\u0161tel Luk\u0161i\u0107u odr\u017eat \u0107e se otvaranje izlo\u017ebe slika i predstavljanje nove zbirke poezije Dinka Bekavca, a sve u okviru ovogodi\u0161njeg programa Ka\u0161telanskog kulturnog ljeta.<\/p>\n<p>Tako\u0111er u okviru programa Ka\u0161telanskog ljeta, donjoka\u0161telanska klapa Kampaneli, ove srijede, 22. srpnja, odr\u017eat \u0107e svoj samostalni koncert u Novom parku u Ka\u0161tel Luk\u0161i\u0107u, s po\u010detkom u 21 sat.<\/p>\n<p>Mje\u0161ovita klapa koju, iako&nbsp; djeluje ve\u0107 15 godina, ubrajamo u mla\u0111e klape na ovim prostorima, publici \u0107e izvedbom obrada popularnih pjesama te tradicionalne klapske pisme, predstaviti zbog \u010dega su nositelji nagrada na brojnim festivalima.<\/p>\n<p>&nbsp;<\/p>\n<p>&nbsp;<\/p>\n<p>&nbsp;<\/p>\n","protected":false},"excerpt":{"rendered":"<p>Ovoga utorka, 21.srpnja 2020. s po\u010detkom u 20 sati u atriju dvorca Vitturi u Ka\u0161tel Luk\u0161i\u0107u odr\u017eat \u0107e se otvaranje [&hellip;]<\/p>\n","protected":false},"author":7,"featured_media":4995,"comment_status":"closed","ping_status":"open","sticky":false,"template":"","format":"standard","meta":{"_acf_changed":false,"footnotes":""},"categories":[1],"tags":[],"class_list":["post-4994","post","type-post","status-publish","format-standard","has-post-thumbnail","hentry","category-novosti"],"acf":[],"_links":{"self":[{"href":"https:\/\/kastela.hr\/en\/wp-json\/wp\/v2\/posts\/4994","targetHints":{"allow":["GET"]}}],"collection":[{"href":"https:\/\/kastela.hr\/en\/wp-json\/wp\/v2\/posts"}],"about":[{"href":"https:\/\/kastela.hr\/en\/wp-json\/wp\/v2\/types\/post"}],"author":[{"embeddable":true,"href":"https:\/\/kastela.hr\/en\/wp-json\/wp\/v2\/users\/7"}],"replies":[{"embeddable":true,"href":"https:\/\/kastela.hr\/en\/wp-json\/wp\/v2\/comments?post=4994"}],"version-history":[{"count":1,"href":"https:\/\/kastela.hr\/en\/wp-json\/wp\/v2\/posts\/4994\/revisions"}],"predecessor-version":[{"id":6997,"href":"https:\/\/kastela.hr\/en\/wp-json\/wp\/v2\/posts\/4994\/revisions\/6997"}],"wp:featuredmedia":[{"embeddable":true,"href":"https:\/\/kastela.hr\/en\/wp-json\/wp\/v2\/media\/4995"}],"wp:attachment":[{"href":"https:\/\/kastela.hr\/en\/wp-json\/wp\/v2\/media?parent=4994"}],"wp:term":[{"taxonomy":"category","embeddable":true,"href":"https:\/\/kastela.hr\/en\/wp-json\/wp\/v2\/categories?post=4994"},{"taxonomy":"post_tag","embeddable":true,"href":"https:\/\/kastela.hr\/en\/wp-json\/wp\/v2\/tags?post=4994"}],"curies":[{"name":"wp","href":"https:\/\/api.w.org\/{rel}","templated":true}]}}