{"id":4991,"date":"2020-07-21T08:17:00","date_gmt":"2020-07-21T06:17:00","guid":{"rendered":"https:\/\/kastela.hr\/en\/2020\/07\/21\/kiparsko-likovna-kolonija-te-koncert-kud-a-putalj-i-gostiju\/"},"modified":"2024-08-29T10:48:08","modified_gmt":"2024-08-29T08:48:08","slug":"kiparsko-likovna-kolonija-te-koncert-kud-a-putalj-i-gostiju","status":"publish","type":"post","link":"https:\/\/kastela.hr\/en\/2020\/07\/21\/kiparsko-likovna-kolonija-te-koncert-kud-a-putalj-i-gostiju\/","title":{"rendered":"Kiparsko likovna kolonija te koncert KUD-a Putalj i gostiju"},"content":{"rendered":"<p>Ovoga petka 24. srpnja i subote 25. srpnja pored Stare masline u Ka\u0161tel \u0160tafili\u0107u odr\u017eat \u0107e se kiparsko &ndash; likovna kolonija izlo\u017ebe radova na temu Stare masline. Otvaranje je predvi\u0111eno u petak u 10 sati, organizator je Udruga \u0160u\u0161ur, a sve u okviru programa ovogodi\u0161njeg Ka\u0161telanskog kulturnog ljeta.<\/p>\n<p>Za one koji vole ne\u0161to druga\u010diji kulturni program, mogu oti\u0107i do su\u0107ura\u010dkog Podvorja u petak 24. srpnja kada \u0107e s po\u010detkom u 21 sat cjelove\u010dernji koncertni program pod nazivom &bdquo;Mise\u010dina prosula se kalon&ldquo; odr\u017eati Kulturno &ndash; umjetni\u010dko dru\u0161tvo Putalj i njihovi gosti.<\/p>\n","protected":false},"excerpt":{"rendered":"<p>Ovoga petka 24. srpnja i subote 25. srpnja pored Stare masline u Ka\u0161tel \u0160tafili\u0107u odr\u017eat \u0107e se kiparsko &ndash; likovna [&hellip;]<\/p>\n","protected":false},"author":7,"featured_media":4992,"comment_status":"closed","ping_status":"open","sticky":false,"template":"","format":"standard","meta":{"_acf_changed":false,"footnotes":""},"categories":[1],"tags":[],"class_list":["post-4991","post","type-post","status-publish","format-standard","has-post-thumbnail","hentry","category-novosti"],"acf":[],"_links":{"self":[{"href":"https:\/\/kastela.hr\/en\/wp-json\/wp\/v2\/posts\/4991","targetHints":{"allow":["GET"]}}],"collection":[{"href":"https:\/\/kastela.hr\/en\/wp-json\/wp\/v2\/posts"}],"about":[{"href":"https:\/\/kastela.hr\/en\/wp-json\/wp\/v2\/types\/post"}],"author":[{"embeddable":true,"href":"https:\/\/kastela.hr\/en\/wp-json\/wp\/v2\/users\/7"}],"replies":[{"embeddable":true,"href":"https:\/\/kastela.hr\/en\/wp-json\/wp\/v2\/comments?post=4991"}],"version-history":[{"count":1,"href":"https:\/\/kastela.hr\/en\/wp-json\/wp\/v2\/posts\/4991\/revisions"}],"predecessor-version":[{"id":6996,"href":"https:\/\/kastela.hr\/en\/wp-json\/wp\/v2\/posts\/4991\/revisions\/6996"}],"wp:featuredmedia":[{"embeddable":true,"href":"https:\/\/kastela.hr\/en\/wp-json\/wp\/v2\/media\/4992"}],"wp:attachment":[{"href":"https:\/\/kastela.hr\/en\/wp-json\/wp\/v2\/media?parent=4991"}],"wp:term":[{"taxonomy":"category","embeddable":true,"href":"https:\/\/kastela.hr\/en\/wp-json\/wp\/v2\/categories?post=4991"},{"taxonomy":"post_tag","embeddable":true,"href":"https:\/\/kastela.hr\/en\/wp-json\/wp\/v2\/tags?post=4991"}],"curies":[{"name":"wp","href":"https:\/\/api.w.org\/{rel}","templated":true}]}}