{"id":4988,"date":"2020-07-21T08:20:00","date_gmt":"2020-07-21T06:20:00","guid":{"rendered":"https:\/\/kastela.hr\/en\/2020\/07\/21\/veceri-dalmatinske-pisme-trag-u-beskraju\/"},"modified":"2024-08-29T10:48:08","modified_gmt":"2024-08-29T08:48:08","slug":"veceri-dalmatinske-pisme-trag-u-beskraju","status":"publish","type":"post","link":"https:\/\/kastela.hr\/en\/2020\/07\/21\/veceri-dalmatinske-pisme-trag-u-beskraju\/","title":{"rendered":"Ve\u010deri dalmatinske pisme \u201eTrag u beskraju\u201c"},"content":{"rendered":"<p>Ovogodi\u0161nji festival Ve\u010deri dalmatinske pisme&nbsp;bit \u0107e znaku&nbsp; Olivera Dragojevi\u0107a. Radi se o nesumnjivo najsjajnijoj zvijezdi hrvatskog glazbenog neba. Glazbeniku i umjetniku par exellance \u010dijim je odlaskom na\u0161a glazbena scena do\u017eivjela nemjerljiv gubitak. Opus besmrtnih izvedbi koje je ostavio iza sebe tijekom svoje pedesetogodi\u0161nje karijere jednostavno ostavlja bez daha. Galeb i ja, Vjeruj u ljubav, Romansa, Picaferaj, A vitar pu\u0161e, Nokturno samo je dio pjesama iz njegove bogate pjesmarice koje \u0107e publika mo\u0107i \u010duti na ovogodi\u0161njoj ka\u0161telanskoj pozornici u izvedbi klape Cambi, ansambla Elektrodalmacija, klape \u0160torija i Neverin, instrumentalista Ton\u010da Tranfi\u0107a i Danijela Curi\u0107a, pjeva\u010da Marka Pecoti\u0107a Pece i Zbora splitskog sveu\u010dili\u0161ta &bdquo;Silvije Bombardelli&ldquo;. Kao posebni gosti nastupiti \u0107e Zorica Kond\u017ea i Jo\u0161ko Banov. Program \u0107e voditi Frano Ridjan.<\/p>\n<p>Ovaj klapski spektakl odr\u017eat \u0107e se na poljani pokraj crkve svetog Mihovila u Ka\u0161tel Kambelovcu ove subote 25. srpnja s po\u010detkom u 21 sat uz posebne mjere za\u0161tite od koronavirusa i ograni\u010den broj ulaznica.&nbsp;<\/p>\n<p>&nbsp;<\/p>\n<p>&nbsp;<\/p>\n","protected":false},"excerpt":{"rendered":"<p>Ovogodi\u0161nji festival Ve\u010deri dalmatinske pisme&nbsp;bit \u0107e znaku&nbsp; Olivera Dragojevi\u0107a. Radi se o nesumnjivo najsjajnijoj zvijezdi hrvatskog glazbenog neba. Glazbeniku i [&hellip;]<\/p>\n","protected":false},"author":7,"featured_media":4989,"comment_status":"closed","ping_status":"open","sticky":false,"template":"","format":"standard","meta":{"_acf_changed":false,"footnotes":""},"categories":[1],"tags":[],"class_list":["post-4988","post","type-post","status-publish","format-standard","has-post-thumbnail","hentry","category-novosti"],"acf":[],"_links":{"self":[{"href":"https:\/\/kastela.hr\/en\/wp-json\/wp\/v2\/posts\/4988","targetHints":{"allow":["GET"]}}],"collection":[{"href":"https:\/\/kastela.hr\/en\/wp-json\/wp\/v2\/posts"}],"about":[{"href":"https:\/\/kastela.hr\/en\/wp-json\/wp\/v2\/types\/post"}],"author":[{"embeddable":true,"href":"https:\/\/kastela.hr\/en\/wp-json\/wp\/v2\/users\/7"}],"replies":[{"embeddable":true,"href":"https:\/\/kastela.hr\/en\/wp-json\/wp\/v2\/comments?post=4988"}],"version-history":[{"count":1,"href":"https:\/\/kastela.hr\/en\/wp-json\/wp\/v2\/posts\/4988\/revisions"}],"predecessor-version":[{"id":6995,"href":"https:\/\/kastela.hr\/en\/wp-json\/wp\/v2\/posts\/4988\/revisions\/6995"}],"wp:featuredmedia":[{"embeddable":true,"href":"https:\/\/kastela.hr\/en\/wp-json\/wp\/v2\/media\/4989"}],"wp:attachment":[{"href":"https:\/\/kastela.hr\/en\/wp-json\/wp\/v2\/media?parent=4988"}],"wp:term":[{"taxonomy":"category","embeddable":true,"href":"https:\/\/kastela.hr\/en\/wp-json\/wp\/v2\/categories?post=4988"},{"taxonomy":"post_tag","embeddable":true,"href":"https:\/\/kastela.hr\/en\/wp-json\/wp\/v2\/tags?post=4988"}],"curies":[{"name":"wp","href":"https:\/\/api.w.org\/{rel}","templated":true}]}}