{"id":4985,"date":"2020-07-22T04:39:00","date_gmt":"2020-07-22T02:39:00","guid":{"rendered":"https:\/\/kastela.hr\/en\/2020\/07\/22\/otkazano-koncert-klape-kampaneli-i-kastelanske-rock-veceri\/"},"modified":"2024-08-29T10:48:08","modified_gmt":"2024-08-29T08:48:08","slug":"otkazano-koncert-klape-kampaneli-i-kastelanske-rock-veceri","status":"publish","type":"post","link":"https:\/\/kastela.hr\/en\/2020\/07\/22\/otkazano-koncert-klape-kampaneli-i-kastelanske-rock-veceri\/","title":{"rendered":"OTKAZANO \u2013 koncert klape Kampaneli i Ka\u0161telanske rock ve\u010deri"},"content":{"rendered":"<p>U okviru programa Ka\u0161telanskog kulturnog ljeta 2020. ove srijede 22. srpnja 2020. s po\u010detkom u 21 sat u Novom parku u Ka\u0161tel Luk\u0161i\u0107u svoj samostalni koncert trebala je odr\u017eati donjoka\u0161telanska klapa Kampaneli, no ovoga puta koncert ne\u0107e biti odr\u017ean.<\/p>\n<p>Tako\u0111er su otkazane i ovogodi\u0161nje Ka\u0161telanske rock ve\u010deri koje su trebale biti odr\u017eane 31. srpnja i 1. kolovoza u Novom parku u Ka\u0161tel Luk\u0161i\u0107u<\/p>\n<p>&nbsp;<\/p>\n","protected":false},"excerpt":{"rendered":"<p>U okviru programa Ka\u0161telanskog kulturnog ljeta 2020. ove srijede 22. srpnja 2020. s po\u010detkom u 21 sat u Novom parku [&hellip;]<\/p>\n","protected":false},"author":7,"featured_media":4986,"comment_status":"closed","ping_status":"open","sticky":false,"template":"","format":"standard","meta":{"_acf_changed":false,"footnotes":""},"categories":[1],"tags":[],"class_list":["post-4985","post","type-post","status-publish","format-standard","has-post-thumbnail","hentry","category-novosti"],"acf":[],"_links":{"self":[{"href":"https:\/\/kastela.hr\/en\/wp-json\/wp\/v2\/posts\/4985","targetHints":{"allow":["GET"]}}],"collection":[{"href":"https:\/\/kastela.hr\/en\/wp-json\/wp\/v2\/posts"}],"about":[{"href":"https:\/\/kastela.hr\/en\/wp-json\/wp\/v2\/types\/post"}],"author":[{"embeddable":true,"href":"https:\/\/kastela.hr\/en\/wp-json\/wp\/v2\/users\/7"}],"replies":[{"embeddable":true,"href":"https:\/\/kastela.hr\/en\/wp-json\/wp\/v2\/comments?post=4985"}],"version-history":[{"count":1,"href":"https:\/\/kastela.hr\/en\/wp-json\/wp\/v2\/posts\/4985\/revisions"}],"predecessor-version":[{"id":6994,"href":"https:\/\/kastela.hr\/en\/wp-json\/wp\/v2\/posts\/4985\/revisions\/6994"}],"wp:featuredmedia":[{"embeddable":true,"href":"https:\/\/kastela.hr\/en\/wp-json\/wp\/v2\/media\/4986"}],"wp:attachment":[{"href":"https:\/\/kastela.hr\/en\/wp-json\/wp\/v2\/media?parent=4985"}],"wp:term":[{"taxonomy":"category","embeddable":true,"href":"https:\/\/kastela.hr\/en\/wp-json\/wp\/v2\/categories?post=4985"},{"taxonomy":"post_tag","embeddable":true,"href":"https:\/\/kastela.hr\/en\/wp-json\/wp\/v2\/tags?post=4985"}],"curies":[{"name":"wp","href":"https:\/\/api.w.org\/{rel}","templated":true}]}}