{"id":4977,"date":"2020-07-22T07:44:00","date_gmt":"2020-07-22T05:44:00","guid":{"rendered":"https:\/\/kastela.hr\/en\/2020\/07\/22\/gradonacelnik-denis-ivanovic-primio-legendarnog-trenera-thoma-harincka\/"},"modified":"2024-08-29T10:48:08","modified_gmt":"2024-08-29T08:48:08","slug":"gradonacelnik-denis-ivanovic-primio-legendarnog-trenera-thoma-harincka","status":"publish","type":"post","link":"https:\/\/kastela.hr\/en\/2020\/07\/22\/gradonacelnik-denis-ivanovic-primio-legendarnog-trenera-thoma-harincka\/","title":{"rendered":"Gradona\u010delnik Denis Ivanovi\u0107 primio legendarnog trenera Thoma Harincka"},"content":{"rendered":"<p>Jedan od najpoznatiji svjetskih kickboxing trenera, 76 &#8211; godi\u0161nji Nizozemac Thom Harinck postao je gra\u0111anin Ka\u0161tela. Ve\u0107 9 godina ima ku\u0107u u Ka\u0161tel Su\u0107urcu, a u potrazi je za odgovaraju\u0107im prostorom kako bi otvorio teretanu u kojoj \u0107e borila\u010dkim sportovima u\u010diti ljude koji imaju pote\u0161ko\u0107a s ovisnostima i PTSP-om. Iz tog razloga primio ga je gradona\u010delnik Ka\u0161tela Denis Ivanovi\u0107, zajedno sa svojim zamjenikom Grgicom Benuti\u0107em. Dogovoreno je kako \u0107e Grad Ka\u0161tela u idu\u0107im danima poduzeti sve da ovom legendarnom treneru pomognu prona\u0107i odgovaraju\u0107i prostor.<\/p>\n<p>&#8211; Zaljubio sam se u Hrvatsku joj 1993. godine kada sam ovdje do\u0161ao s mojim prijateljem pokojnim Brankom Cikati\u0107em, a Ka\u0161tela volim jer volim normalne ljude, svi\u0111a mi se mentalitet ljudi koji ovdje \u017eive. Zovem ih &bdquo;ljudi od kamena&ldquo;, vrlo su sna\u017eni, izdr\u017eljivi, imaju taj sportski gen i izuzetno su dobri u svim sportovima. Osim toga, na neki se na\u010din \u017eelim i odu\u017eiti ovim ljudima, te privu\u0107i mlade s ulica i pru\u017eiti im priliku da se bave ne\u010dim dobrim, korisnim. Nadam se samo da \u0107emo vrlo brzo otvoriti klub, to jest prona\u0107i prostor &#8211; isti\u010de&nbsp;Thom Harinck, koji je trenirao svjetski poznate sporta\u0161e poput na\u0161eg Mirka Filipovi\u0107a, Branka Cikati\u0107a, Petera Aertsa, Gilberta Ballantinea i brojnih drugih.<\/p>\n<p>&#8211; Thom Harinck je vrhunski sporta\u0161, vrhunski trener te mi je iznimna \u010dast i zadovoljstvo \u0161to je ovakva sportska legenda odabrala upravo na\u0161 grad za mjesto stanovanja. Sigurno \u0107emo u budu\u0107nosti imati suradnju, na obostrano zadovoljstvo jer je sjajna reklama za na\u0161a Ka\u0161tela kada jedno ovako veliko sportsko ime izabere upravo ovaj grad &ndash; kazao je gradona\u010delnik Denis Ivanovi\u0107 dodaju\u0107i da Grad Ka\u0161tela trenutno nema raspolo\u017eivih prostora u svom vlasni\u0161tvu koje bi mogao ustupiti, no zato \u0107e razgovarati s vlasnicima nekih privatnih objekata koji bi mogli biti odgovaraju\u0107i za otvaranje teretane.<\/p>\n<p>Tako \u0107e ovaj legendarni nizozemski stru\u010dnjak raznih borila\u010dkih vje\u0161tina, a koje je &#39;okupio&#39; u svom Chakuriri klubu, s podru\u017enicama u Nizozemskoj, Japanu, Brazilu, Njema\u010dkoj, Rusiji i \u0160panjolskoj, uskoro otvoriti svoj klub i u Ka\u0161telima. Namjerava se iz Amsterdama preseliti u grad pod Kozjakom zajedno sa suprugom Marjan, odvjetnicom koja je \u010dlan Uprave nogometnog kluba Ajax s kojom ima troje djece. Dok boravi ovdje mnogo mu poma\u017ee prijatelj Jo\u0161ko Kuzmani\u0107, trener tajlandskog boksa kojemu \u0107e za nekoliko dana biti uru\u010dena diploma za trenera tajlanskog boksa i kickboxinga na svjetskoj razini.<\/p>\n<p>&nbsp;<\/p>\n<p>&nbsp;<\/p>\n","protected":false},"excerpt":{"rendered":"<p>Jedan od najpoznatiji svjetskih kickboxing trenera, 76 &#8211; godi\u0161nji Nizozemac Thom Harinck postao je gra\u0111anin Ka\u0161tela. Ve\u0107 9 godina ima [&hellip;]<\/p>\n","protected":false},"author":7,"featured_media":4978,"comment_status":"closed","ping_status":"open","sticky":false,"template":"","format":"standard","meta":{"_acf_changed":false,"footnotes":""},"categories":[1],"tags":[],"class_list":["post-4977","post","type-post","status-publish","format-standard","has-post-thumbnail","hentry","category-novosti"],"acf":[],"_links":{"self":[{"href":"https:\/\/kastela.hr\/en\/wp-json\/wp\/v2\/posts\/4977","targetHints":{"allow":["GET"]}}],"collection":[{"href":"https:\/\/kastela.hr\/en\/wp-json\/wp\/v2\/posts"}],"about":[{"href":"https:\/\/kastela.hr\/en\/wp-json\/wp\/v2\/types\/post"}],"author":[{"embeddable":true,"href":"https:\/\/kastela.hr\/en\/wp-json\/wp\/v2\/users\/7"}],"replies":[{"embeddable":true,"href":"https:\/\/kastela.hr\/en\/wp-json\/wp\/v2\/comments?post=4977"}],"version-history":[{"count":1,"href":"https:\/\/kastela.hr\/en\/wp-json\/wp\/v2\/posts\/4977\/revisions"}],"predecessor-version":[{"id":6993,"href":"https:\/\/kastela.hr\/en\/wp-json\/wp\/v2\/posts\/4977\/revisions\/6993"}],"wp:featuredmedia":[{"embeddable":true,"href":"https:\/\/kastela.hr\/en\/wp-json\/wp\/v2\/media\/4978"}],"wp:attachment":[{"href":"https:\/\/kastela.hr\/en\/wp-json\/wp\/v2\/media?parent=4977"}],"wp:term":[{"taxonomy":"category","embeddable":true,"href":"https:\/\/kastela.hr\/en\/wp-json\/wp\/v2\/categories?post=4977"},{"taxonomy":"post_tag","embeddable":true,"href":"https:\/\/kastela.hr\/en\/wp-json\/wp\/v2\/tags?post=4977"}],"curies":[{"name":"wp","href":"https:\/\/api.w.org\/{rel}","templated":true}]}}