{"id":4968,"date":"2020-07-25T04:16:00","date_gmt":"2020-07-25T02:16:00","guid":{"rendered":"https:\/\/kastela.hr\/en\/2020\/07\/25\/kastelanski-vatrogasci-dobili-dva-nova-vozila\/"},"modified":"2024-08-29T10:48:08","modified_gmt":"2024-08-29T08:48:08","slug":"kastelanski-vatrogasci-dobili-dva-nova-vozila","status":"publish","type":"post","link":"https:\/\/kastela.hr\/en\/2020\/07\/25\/kastelanski-vatrogasci-dobili-dva-nova-vozila\/","title":{"rendered":"Ka\u0161telanski vatrogasci dobili dva nova vozila"},"content":{"rendered":"<p>Devet novih vatrogasnih vozila predano je ovog petka u Splitu, dobrovoljnim vatrogasnim dru\u0161tvima iz Ka\u0161tela, Omi\u0161a, Supetra, Visa, Ba\u0161ke Vode, Dugog Rata, Jelse i Podgore te gradon\u010delnicima i na\u010delnicima pojedinih lokalnih zajednica, a klju\u010deve novih vozila uru\u010dili su im \u017eupan Bla\u017eenko Boban te \u017eupanijski vatrogasni zapovjednik Dra\u017een Glavina.<\/p>\n<p>Radi se o nastavku programa nabavke vatrogasnih vozila, u kojem \u017dupanija osigurava 20 posto potrebnih sredstava dok lokalne zajednice osiguravaju 80 posto. &nbsp;Tako su ka\u0161telanski DVD-ovi ovm programom dobili tri nova vozila, DVD Ka\u0161tela po\u010detkom srpnja autocisternu, a u petak DVD Mladost i DVD Ka\u0161tel Gomilica po jedno navalno vozilo.<br \/>\nUkupna investicija za ova tri vozila iznosi 7,5 milijuna kuna od \u010dega Grad Ka\u0161tela izdvaja vi\u0161e od 6 milijuna kuna. &nbsp;Klju\u010deve novih vozila, koja su nastavila put Ka\u0161tela,&nbsp; u Splitu je preuzeo ka\u0161telanski gradona\u010delnik Denis Ivanovi\u0107.<\/p>\n<p>Nova vozila u Ka\u0161telima su do\u010dekana kako i prili\u010di, u DVD-u Mladost sirenama i dimom, a u DVD-u Ka\u0161tel Gomilica u nazo\u010dnosti glavnog vatrogasnog zapovjednika Slavka Tucakovi\u0107a i predsjednika HVZ Ante Sanadera te po\u010dasnu stra\u017eu. Dobrodo\u0161licu vozilima po\u017eeljeli su i gradona\u010delnik Denis Ivanovi\u0107, ka\u0161telanski vatrogasni zapovjednik Milivoj Taslak, zapovjedni\u0161tva i predsjedni\u0161tva DVD-ova, brojni vatrogasci i drugi.<br \/>\nNova vozila blagoslovili su \u017eupnici Ivan Deli\u0107 i Ante \u010coti\u0107, a u DVD-u Mladost blagoslovljeno je jo\u0161 jedno novo vozilo za prijevoz pitke vode, \u010diju je nabavku DVD Mladost financirao iz vlastitih sredstava.<\/p>\n<p>Tekst: PGK<\/p>\n","protected":false},"excerpt":{"rendered":"<p>Devet novih vatrogasnih vozila predano je ovog petka u Splitu, dobrovoljnim vatrogasnim dru\u0161tvima iz Ka\u0161tela, Omi\u0161a, Supetra, Visa, Ba\u0161ke Vode, [&hellip;]<\/p>\n","protected":false},"author":7,"featured_media":4969,"comment_status":"closed","ping_status":"open","sticky":false,"template":"","format":"standard","meta":{"_acf_changed":false,"footnotes":""},"categories":[1],"tags":[],"class_list":["post-4968","post","type-post","status-publish","format-standard","has-post-thumbnail","hentry","category-novosti"],"acf":[],"_links":{"self":[{"href":"https:\/\/kastela.hr\/en\/wp-json\/wp\/v2\/posts\/4968","targetHints":{"allow":["GET"]}}],"collection":[{"href":"https:\/\/kastela.hr\/en\/wp-json\/wp\/v2\/posts"}],"about":[{"href":"https:\/\/kastela.hr\/en\/wp-json\/wp\/v2\/types\/post"}],"author":[{"embeddable":true,"href":"https:\/\/kastela.hr\/en\/wp-json\/wp\/v2\/users\/7"}],"replies":[{"embeddable":true,"href":"https:\/\/kastela.hr\/en\/wp-json\/wp\/v2\/comments?post=4968"}],"version-history":[{"count":1,"href":"https:\/\/kastela.hr\/en\/wp-json\/wp\/v2\/posts\/4968\/revisions"}],"predecessor-version":[{"id":6992,"href":"https:\/\/kastela.hr\/en\/wp-json\/wp\/v2\/posts\/4968\/revisions\/6992"}],"wp:featuredmedia":[{"embeddable":true,"href":"https:\/\/kastela.hr\/en\/wp-json\/wp\/v2\/media\/4969"}],"wp:attachment":[{"href":"https:\/\/kastela.hr\/en\/wp-json\/wp\/v2\/media?parent=4968"}],"wp:term":[{"taxonomy":"category","embeddable":true,"href":"https:\/\/kastela.hr\/en\/wp-json\/wp\/v2\/categories?post=4968"},{"taxonomy":"post_tag","embeddable":true,"href":"https:\/\/kastela.hr\/en\/wp-json\/wp\/v2\/tags?post=4968"}],"curies":[{"name":"wp","href":"https:\/\/api.w.org\/{rel}","templated":true}]}}