{"id":4732,"date":"2020-11-17T06:38:00","date_gmt":"2020-11-17T05:38:00","guid":{"rendered":"https:\/\/kastela.hr\/en\/2020\/11\/17\/dan-sjecanja-na-zrtve-domovinskog-rata-i-dan-sjecanja-na-zrtvu-vukovara-i-skabrnje-4\/"},"modified":"2024-08-29T10:47:55","modified_gmt":"2024-08-29T08:47:55","slug":"dan-sjecanja-na-zrtve-domovinskog-rata-i-dan-sjecanja-na-zrtvu-vukovara-i-skabrnje-4","status":"publish","type":"post","link":"https:\/\/kastela.hr\/en\/2020\/11\/17\/dan-sjecanja-na-zrtve-domovinskog-rata-i-dan-sjecanja-na-zrtvu-vukovara-i-skabrnje-4\/","title":{"rendered":"Dan sje\u0107anja na \u017ertve Domovinskog rata i Dan sje\u0107anja na \u017ertvu Vukovara i \u0160kabrnje"},"content":{"rendered":"<p>Hrvatski Sabor u o\u017eujku ove godine donio je Odluku o progla\u0161enju Zakona o progla\u0161enju Vukovara mjestom posebnog domovinskog pijeteta, a krajem 2019. Zakonom o blagdanima, spomendanima i narednim danima u Republici Hrvatskoj, Dan sje\u0107anja na \u017ertve Domovinskog rata i Dan sje\u0107anja na \u017ertvu Vukovara i \u0160kabrnje&nbsp;18. studenoga postao je praznik.<\/p>\n<p>Vukovar se progla\u0161ava mjestom posebnog domovinskog pijeteta jer ima posebno va\u017enu ulogu u hrvatskoj povijesti uspostave samostalne, nezavisne, suverene i demokratske dr\u017eave te predstavlja simbol otpora, \u017ertve, pobjede i zajedni\u0161tva odnosno obrane dr\u017eavnog suvereniteta i teritorijalnog integriteta Republike Hrvatske u Domovinskom ratu.<\/p>\n<p>Na dane posebnog domovinskog pijeteta odaje se po\u0161tovanje prema svim poginulim i nestalim hrvatskim braniteljima i civilima iz Domovinskog rata te svim hrvatskim braniteljima i civilnim stradalnicima iz Domovinskog rata, a u \u0161irem smislu odaje se po\u0161tovanja prema svima koji su dali svoj doprinos za uspostavu i o\u010duvanje Republike Hrvatske kao samostalne, nezavisne, suverene i demokratske dr\u017eave.<\/p>\n<p>Obilje\u017eimo svi zajedno ovaj veliki dan po\u0161tuju\u0107i odluke i mjere Nacionalnog sto\u017eera. Va\u017eno je odati pijetet \u017ertvama na dostojanstven na\u010din, pridr\u017eavaju\u0107i se epidemiolo\u0161kog okvira, ne izla\u017eu\u0107i opasnostima sebe i druge.<\/p>\n<p>&nbsp;<\/p>\n","protected":false},"excerpt":{"rendered":"<p>Hrvatski Sabor u o\u017eujku ove godine donio je Odluku o progla\u0161enju Zakona o progla\u0161enju Vukovara mjestom posebnog domovinskog pijeteta, a [&hellip;]<\/p>\n","protected":false},"author":7,"featured_media":4733,"comment_status":"closed","ping_status":"open","sticky":false,"template":"","format":"standard","meta":{"_acf_changed":false,"footnotes":""},"categories":[1],"tags":[],"class_list":["post-4732","post","type-post","status-publish","format-standard","has-post-thumbnail","hentry","category-novosti"],"acf":[],"_links":{"self":[{"href":"https:\/\/kastela.hr\/en\/wp-json\/wp\/v2\/posts\/4732","targetHints":{"allow":["GET"]}}],"collection":[{"href":"https:\/\/kastela.hr\/en\/wp-json\/wp\/v2\/posts"}],"about":[{"href":"https:\/\/kastela.hr\/en\/wp-json\/wp\/v2\/types\/post"}],"author":[{"embeddable":true,"href":"https:\/\/kastela.hr\/en\/wp-json\/wp\/v2\/users\/7"}],"replies":[{"embeddable":true,"href":"https:\/\/kastela.hr\/en\/wp-json\/wp\/v2\/comments?post=4732"}],"version-history":[{"count":1,"href":"https:\/\/kastela.hr\/en\/wp-json\/wp\/v2\/posts\/4732\/revisions"}],"predecessor-version":[{"id":6941,"href":"https:\/\/kastela.hr\/en\/wp-json\/wp\/v2\/posts\/4732\/revisions\/6941"}],"wp:featuredmedia":[{"embeddable":true,"href":"https:\/\/kastela.hr\/en\/wp-json\/wp\/v2\/media\/4733"}],"wp:attachment":[{"href":"https:\/\/kastela.hr\/en\/wp-json\/wp\/v2\/media?parent=4732"}],"wp:term":[{"taxonomy":"category","embeddable":true,"href":"https:\/\/kastela.hr\/en\/wp-json\/wp\/v2\/categories?post=4732"},{"taxonomy":"post_tag","embeddable":true,"href":"https:\/\/kastela.hr\/en\/wp-json\/wp\/v2\/tags?post=4732"}],"curies":[{"name":"wp","href":"https:\/\/api.w.org\/{rel}","templated":true}]}}