{"id":4729,"date":"2020-11-17T08:03:00","date_gmt":"2020-11-17T07:03:00","guid":{"rendered":"https:\/\/kastela.hr\/en\/2020\/11\/17\/sazvana-24-sjednica-gradskog-vijeca\/"},"modified":"2024-11-28T11:21:41","modified_gmt":"2024-11-28T10:21:41","slug":"sazvana-24-sjednica-gradskog-vijeca","status":"publish","type":"post","link":"https:\/\/kastela.hr\/en\/2020\/11\/17\/sazvana-24-sjednica-gradskog-vijeca\/","title":{"rendered":"Sazvana 24. sjednica Gradskog vije\u0107a"},"content":{"rendered":"<p>Predsjednik Gradskog vije\u0107a Ivan Udovi\u010di\u0107 sazvao je 24. sjednicu Gradskog vije\u0107a.&nbsp;<strong>U uvjetima posebnih okolnosti izazvanih epidemijom bolesti COVID-19 uzrokovane virusom SARS-CoV-2 a, 24.sjednica Gradskog vije\u0107a odr\u017eat \u0107e se&nbsp;24. studenog (utorak) 2020. g. u 11,30 sati u Kino dvorani Sveti Juraj u Ka\u0161tel Su\u0107urcu<\/strong><\/p>\n<p><strong>Napomena: <\/strong><strong>sjednica \u0107e se odr\u017eati uz obvezno po\u0161tivanje propisanih epidemiolo\u0161kih mjera, a posebno dezinfekcije, no\u0161enje za\u0161titne maske te po\u0161tivanje mjere udaljenosti me\u0111u prisutnima. <\/strong><\/p>\n<p>Dnevni red se sastoji od 28 to\u010daka:<\/p>\n<div>\n<p>&nbsp;&nbsp;1. Usvajanje Zapisnika s 23. sjednice Gradskog vije\u0107a<\/p>\n<p>&nbsp;&nbsp;2. Vije\u0107ni\u010dka pitanja i prijedlozi<\/p>\n<p>&nbsp;&nbsp;3. Prijedlog odluke o izradi Urbanisti\u010dkog plana ure\u0111enja urbane sanacije izdvojenog dijela gra\u0111evinskog podru\u010dja naselja Ka\u0161tel \u0160tafili\u0107<\/p>\n<p>&nbsp;&nbsp;&nbsp; &nbsp;&nbsp;&#8211; Izvjestitelj: Boris \u0160kara, pro\u010delnik Upravnog odjela za prostorno ure\u0111enje i gradnju<\/p>\n<p>&nbsp; 4. Prijedlog prora\u010duna Grada Ka\u0161tela za 2021. i projekcije za 2022. i 2023. godinu<\/p>\n<p>&nbsp; 5. Prijedlog odluke o izvr\u0161avanju Prora\u010duna Grada Ka\u0161tela za 2021. godinu<\/p>\n<p>&nbsp;&nbsp;&nbsp;&nbsp;&nbsp; &#8211; Izvjestiteljica t. 4. i t. 5. : Matija Marija \u0110iki\u0107, pro\u010delnica Upravnog odjela za prora\u010dun, financije i javnu nabavu<\/p>\n<p>&nbsp; 6. Prijedlog programa gra\u0111enja objekata i ure\u0111aja komunalne infrastrukture za 2021. godinu<\/p>\n<p>&nbsp; 7. Prijedlog programa odr\u017eavanja komunalne infrastrukture u&nbsp; Gradu Ka\u0161tela za&nbsp; 2021. godinu<\/p>\n<p>&nbsp;&nbsp;&nbsp;&nbsp;&nbsp; &#8211; Izvjestiteljica t. 6. i t.7. Marija Pelivan, pro\u010delnica Upravnog odjela za komunalno gospodarstvo&nbsp; i imovinsko&nbsp; pravne poslove<\/p>\n<p>&nbsp; 8. Prijedlog programa javnih potreba u socijalnoj skrbi i zdravstvenoj za\u0161titi&nbsp; Grada Ka\u0161tela za 2021. godinu<\/p>\n<p>&nbsp; 9. Prijedlog programa financiranja javnih potreba u pred\u0161kolskom odgoju Grada Ka\u0161tela za&nbsp; 2021. godinu<\/p>\n<p>10. Prijedlog programa financiranja javnih potreba u obrazovanju Grada Ka\u0161tela za 2021. godinu<\/p>\n<p>11. Prijedlog programa financiranja javnih potreba u \u0161portu Grada Ka\u0161tela za 2021. godinu<\/p>\n<p>12. Prijedlog&nbsp; programa financiranja javnih potreba u tehni\u010dkoj kulturi Grada Ka\u0161tela za 2021. godinu<\/p>\n<p>13. Prijedlog programa javnih potreba u kulturi Grada Ka\u0161tela za 2021. godinu<\/p>\n<p>14. Prijedlog programa financiranja javnih potreba udruga gra\u0111ana, institucija, ustanova i vjerskih zajednica Grada Ka\u0161tela za 2021. godinu<\/p>\n<p>15. Analiza stanja sustava civilne za\u0161tite na podru\u010dju Grada Ka\u0161tela u 2020. godini<\/p>\n<p>16. Prijedlog plana razvoja sustava civilne za\u0161tite na podru\u010dju Grada Ka\u0161tela<\/p>\n<p>17. Prijedlog programa javnih potreba u protupo\u017earnoj i civilnoj za\u0161titi Grada Ka\u0161tela za 2021. godinu<\/p>\n<p>&nbsp;&nbsp;&nbsp;&nbsp; &#8211; Izvjestiteljica t. 8. do t. 17.: Sandra Zoki\u0107, pro\u010delnica Upravnog odjela za dru\u0161tvene djelatnosti i op\u0107e poslove<\/p>\n<p>18. Prijedlog programa kori\u0161tenja sredstava naknade za zadr\u017eavanje nezakonito izgra\u0111enih zgrada u prostoru na podru\u010dju Grada Ka\u0161tela za 2021. godinu<\/p>\n<p>&nbsp;&#8211; Izvjestitelj: Boris \u0160kara, pro\u010delnik Upravnog odjela za prostorno ure\u0111enje i gradnju<\/p>\n<p>19. Prijedlog odluke o na\u010dinu i uvjetima sufinanciranja programa pred\u0161kolskog odgoja na podru\u010dju Grada &nbsp;Trogira za djecu s prebivali\u0161tem na podru\u010dju Grada Ka\u0161tela<\/p>\n<p>20. Prijedlog odluke o jednokratnoj nov\u010danoj pomo\u0107i za roditelje i udovice poginulih branitelja Domovinskog rata povodom Bo\u017ei\u0107a<\/p>\n<p>21. Prijedlog odluke o jednokratnoj nov\u010danoj pomo\u0107i za umirovljenike i nezaposlene povodom Bo\u017ei\u0107a<\/p>\n<p>&nbsp;&nbsp;&nbsp;&nbsp; &nbsp;&#8211; Izvjestiteljica t. 19. do t. 21. : Sandra Zoki\u0107, pro\u010delnica Upravnog odjela za dru\u0161tvene djelatnosti i op\u0107e poslove<\/p>\n<p>22. Prijedlog odluke o na\u010dinu financiranja predstavnika bo\u0161nja\u010dke nacionalne manjine za 2021. godinu<\/p>\n<p>&nbsp;&nbsp;&nbsp;&nbsp;&nbsp; &#8211; Izvjestiteljica: Sanda Jakus, pro\u010delnica Upravnog odjela za poslove Gradona\u010delnika i Gradskog vije\u0107a<\/p>\n<p>23. Prijedlog odluke o davanju odobrenja na Program rada Savjeta mladih sa financijskim planom za 2021. godinu<\/p>\n<\/div>\n<p>&nbsp;&nbsp;&nbsp; &nbsp;&nbsp;&#8211; Izvjestiteljica: Andrea Bara\u0107, predsjednica Savjeta mladih<\/p>\n<p>24. Izvje\u0161\u0107e o radu Gradona\u010delnika za razdoblje sije\u010danj &ndash; lipanj 2020. godine.<\/p>\n<div>\n<p>&nbsp;&nbsp;&nbsp; &#8211; Izvjestitelj: Denis Ivanovi\u0107, gradona\u010delnik<\/p>\n<\/div>\n<p>25. Prijedlog Odluke o dopunama odluke o socijalnoj skrbi<\/p>\n<div>\n<p>&nbsp;&nbsp;&nbsp;&nbsp; &#8211; Izvjestiteljica: Sandra Zoki\u0107, pro\u010delnica Upravnog odjela za dru\u0161tvene djelatnosti i op\u0107e poslove<\/p>\n<\/div>\n<p>26. Prijedlog odluke o izmjeni i dopuni Odluke o zakupu i kupoprodaji poslovnih prostora<\/p>\n<div>\n<p>27. Prijedlog izmjene odluke o uvjetima, mjerilima i postupku za utvr\u0111ivanje reda prvenstva za kupnju stanova iz Programa dru\u0161tveno poticane stanogradnje na podru\u010dju Grada Ka\u0161tela &nbsp;&nbsp;&nbsp;<\/p>\n<p>28. Prijedlog zaklju\u010dka o pokretanju postupka za izbor \u010dlanova Savjeta mladih Grada Ka\u0161tela &nbsp;i njihovih zamjenika<\/p>\n<\/div>\n<p>&nbsp;&nbsp;&nbsp;&nbsp; &nbsp;&#8211; Izvjestitelj: Zoran Bonacin, predsjednik Odbora za izbor i imenovanja<\/p>\n<p><strong>Materijale i poziv na 24. sjednicu Gradskog vije\u0107a mo\u017eete preuzeti na linku ispod teksta<\/strong><\/p>\n","protected":false},"excerpt":{"rendered":"<p>Predsjednik Gradskog vije\u0107a Ivan Udovi\u010di\u0107 sazvao je 24. sjednicu Gradskog vije\u0107a.&nbsp;U uvjetima posebnih okolnosti izazvanih epidemijom bolesti COVID-19 uzrokovane virusom [&hellip;]<\/p>\n","protected":false},"author":7,"featured_media":4730,"comment_status":"closed","ping_status":"open","sticky":false,"template":"","format":"standard","meta":{"_acf_changed":false,"footnotes":""},"categories":[1],"tags":[],"class_list":["post-4729","post","type-post","status-publish","format-standard","has-post-thumbnail","hentry","category-novosti"],"acf":[],"_links":{"self":[{"href":"https:\/\/kastela.hr\/en\/wp-json\/wp\/v2\/posts\/4729","targetHints":{"allow":["GET"]}}],"collection":[{"href":"https:\/\/kastela.hr\/en\/wp-json\/wp\/v2\/posts"}],"about":[{"href":"https:\/\/kastela.hr\/en\/wp-json\/wp\/v2\/types\/post"}],"author":[{"embeddable":true,"href":"https:\/\/kastela.hr\/en\/wp-json\/wp\/v2\/users\/7"}],"replies":[{"embeddable":true,"href":"https:\/\/kastela.hr\/en\/wp-json\/wp\/v2\/comments?post=4729"}],"version-history":[{"count":2,"href":"https:\/\/kastela.hr\/en\/wp-json\/wp\/v2\/posts\/4729\/revisions"}],"predecessor-version":[{"id":14156,"href":"https:\/\/kastela.hr\/en\/wp-json\/wp\/v2\/posts\/4729\/revisions\/14156"}],"wp:featuredmedia":[{"embeddable":true,"href":"https:\/\/kastela.hr\/en\/wp-json\/wp\/v2\/media\/4730"}],"wp:attachment":[{"href":"https:\/\/kastela.hr\/en\/wp-json\/wp\/v2\/media?parent=4729"}],"wp:term":[{"taxonomy":"category","embeddable":true,"href":"https:\/\/kastela.hr\/en\/wp-json\/wp\/v2\/categories?post=4729"},{"taxonomy":"post_tag","embeddable":true,"href":"https:\/\/kastela.hr\/en\/wp-json\/wp\/v2\/tags?post=4729"}],"curies":[{"name":"wp","href":"https:\/\/api.w.org\/{rel}","templated":true}]}}