{"id":4722,"date":"2020-11-17T09:34:00","date_gmt":"2020-11-17T08:34:00","guid":{"rendered":"https:\/\/kastela.hr\/en\/2020\/11\/17\/obiljezavanje-medunarodnog-dana-svjesnosti-o-prijevremenom-rodenju\/"},"modified":"2024-08-29T10:47:55","modified_gmt":"2024-08-29T08:47:55","slug":"obiljezavanje-medunarodnog-dana-svjesnosti-o-prijevremenom-rodenju","status":"publish","type":"post","link":"https:\/\/kastela.hr\/en\/2020\/11\/17\/obiljezavanje-medunarodnog-dana-svjesnosti-o-prijevremenom-rodenju\/","title":{"rendered":"Obilje\u017eavanje Me\u0111unarodnog dana svjesnosti o prijevremenom ro\u0111enju"},"content":{"rendered":"<p>Pal\u010di\u0107i su posebna dje\u010dica \u010diji su prvi dani \u017eivota obilje\u017eeni nevjerojatnom hrabro\u0161\u0107u i borbeno\u0161\u0107u, a ovoga utorka, 17.studenoga, u cijelom svijetu obilje\u017eava njihov dan &ndash; Me\u0111unarodni dan svjesnosti o prijevremenom ro\u0111enju.<\/p>\n<p>Ovoga puta \u0111ardin u Ka\u0161tel Novom zasvijetlit \u0107e ljubi\u010dastom bojom, a sve s ciljem podizanja svijesti javnosti o problemima prerano ro\u0111ene djece i njihovih roditelja. Tako \u0107e Grad Ka\u0161tela hrabrim mali\u0161anima uveli\u010dati njihov dan i pru\u017eiti podr\u0161ku.gm<\/p>\n<p>Postoji na\u010din kako mo\u017eemo iskazati podr\u0161ku malim borcima koji su odlu\u010dili na svijet do\u0107i ranije. Obucimo ne\u0161to ljubi\u010dasto i podignimo palac gore za Pal\u010di\u0107e. Na svoje tiramole, prozore i balkone mo\u017ee se objesiti niz od 10 \u010darapica, od kojih ona najmanja, simbolizira jedno prijevremeno ro\u0111eno dijete od 10 ro\u0111enih. Poka\u017eimo im da su ponos na\u0161ega grada, a njihovim roditeljima pru\u017eimo podr\u0161ku i razumijevanje!<\/p>\n<p>&nbsp;<\/p>\n<p>&nbsp;<\/p>\n","protected":false},"excerpt":{"rendered":"<p>Pal\u010di\u0107i su posebna dje\u010dica \u010diji su prvi dani \u017eivota obilje\u017eeni nevjerojatnom hrabro\u0161\u0107u i borbeno\u0161\u0107u, a ovoga utorka, 17.studenoga, u cijelom [&hellip;]<\/p>\n","protected":false},"author":7,"featured_media":4723,"comment_status":"closed","ping_status":"open","sticky":false,"template":"","format":"standard","meta":{"_acf_changed":false,"footnotes":""},"categories":[1],"tags":[],"class_list":["post-4722","post","type-post","status-publish","format-standard","has-post-thumbnail","hentry","category-novosti"],"acf":[],"_links":{"self":[{"href":"https:\/\/kastela.hr\/en\/wp-json\/wp\/v2\/posts\/4722","targetHints":{"allow":["GET"]}}],"collection":[{"href":"https:\/\/kastela.hr\/en\/wp-json\/wp\/v2\/posts"}],"about":[{"href":"https:\/\/kastela.hr\/en\/wp-json\/wp\/v2\/types\/post"}],"author":[{"embeddable":true,"href":"https:\/\/kastela.hr\/en\/wp-json\/wp\/v2\/users\/7"}],"replies":[{"embeddable":true,"href":"https:\/\/kastela.hr\/en\/wp-json\/wp\/v2\/comments?post=4722"}],"version-history":[{"count":1,"href":"https:\/\/kastela.hr\/en\/wp-json\/wp\/v2\/posts\/4722\/revisions"}],"predecessor-version":[{"id":6939,"href":"https:\/\/kastela.hr\/en\/wp-json\/wp\/v2\/posts\/4722\/revisions\/6939"}],"wp:featuredmedia":[{"embeddable":true,"href":"https:\/\/kastela.hr\/en\/wp-json\/wp\/v2\/media\/4723"}],"wp:attachment":[{"href":"https:\/\/kastela.hr\/en\/wp-json\/wp\/v2\/media?parent=4722"}],"wp:term":[{"taxonomy":"category","embeddable":true,"href":"https:\/\/kastela.hr\/en\/wp-json\/wp\/v2\/categories?post=4722"},{"taxonomy":"post_tag","embeddable":true,"href":"https:\/\/kastela.hr\/en\/wp-json\/wp\/v2\/tags?post=4722"}],"curies":[{"name":"wp","href":"https:\/\/api.w.org\/{rel}","templated":true}]}}