{"id":4713,"date":"2020-11-19T06:56:00","date_gmt":"2020-11-19T05:56:00","guid":{"rendered":"https:\/\/kastela.hr\/en\/2020\/11\/19\/obiljezen-dan-sjecanja-na-zrtve-domovinskog-rata-i-dan-sjecanja-na-zrtvu-vukovara-i-skabrnje\/"},"modified":"2024-08-29T10:47:55","modified_gmt":"2024-08-29T08:47:55","slug":"obiljezen-dan-sjecanja-na-zrtve-domovinskog-rata-i-dan-sjecanja-na-zrtvu-vukovara-i-skabrnje","status":"publish","type":"post","link":"https:\/\/kastela.hr\/en\/2020\/11\/19\/obiljezen-dan-sjecanja-na-zrtve-domovinskog-rata-i-dan-sjecanja-na-zrtvu-vukovara-i-skabrnje\/","title":{"rendered":"Obilje\u017een Dan sje\u0107anja na \u017ertve Domovinskog rata i Dan sje\u0107anja na \u017ertvu Vukovara i \u0160kabrnje"},"content":{"rendered":"<p>U spomen na stradanje i \u017ertvu Vukovara u Domovinskom ratu u Hrvatskoj je obilje\u017een Dan sje\u0107anja, koji&nbsp; je po prvi put ove godine dr\u017eavni praznik. Ovim praznikom izra\u017eava se zahvalnost braniteljima i civilima, koji su poginuli brane\u0107i Vukovar, a u svim gradovima njima u \u010dast uprili\u010deno je paljenje svije\u0107a i svete mise.<\/p>\n<p>Tako su ovog utorka na ka\u0161telanskim ulicama, trgovima i u obiteljskim domovi upaljene svije\u0107e u znak sje\u0107anja, kao simbol svjetlosti i nade koja pobje\u0111uje tamu i bezna\u0111e. Posebno je bilo u Vukovarskoj ulici u Ka\u0161tel Starom i ulici Vukovarskih heroja u Ka\u0161tel Su\u0107urcu.<\/p>\n<p>U Vukovarskoj ulici u Ka\u0161tel Starom i ovu su godinu svije\u0107e zapalili gra\u0111ani i predstavnici Grada, me\u0111u njima gradona\u010delnik Denis Ivanovi\u0107, dogradona\u010delnik Grgica Benuti\u0107 i predsjednik Gradskog vije\u0107a Ivan Udovi\u010di\u0107 te pojedini vije\u0107nici, predstavnici braniteljskih udruga, me\u0111u njima \u010dlanovi Hvidre i Stine pradidove, predstavnici pojedinih politi\u010dkih stranaka i drugi.<\/p>\n<p>&#8211; Svake godine povodom obljetnice pada Vukovara i \u017ertava \u0160kabrnje u Vukovarskoj ulici u Ka\u0161tel Starom palimo svije\u0107e u spomen na sve oni koji su dali svoje \u017eivote i u Vukovaru i u \u0160kabrnji te diljem domovine &#8211; kazao je gradona\u010delnik Denis Ivanovi\u0107.<\/p>\n<p>&#8211; A \u0161to re\u0107i o stradanjima Vukovara i \u0160kabrnje, odnosno branitelja i samih civilnih \u017ertava tih krajeva? Za to nema rije\u010di osim tuge i zahvale. \u017drtva hrvatskih branitelja je razlog \u0161to danas imamo slobodnu Hrvatsku i na tome im hvala &#8211; rekao je Vinko Skorup iz dragovolja\u010dko braniteljske udruge Stina pradidova.<\/p>\n<p>U isto vrijeme u \u017eupnoj crkvi Sv. Jurja u Ka\u0161tel Su\u0107urcu, odr\u017eana je tradicionalna misa, nakon koje su gra\u0111ani i predstavnici Grada upaliti svije\u0107e&nbsp; u tamo\u0161njoj ulici Vukovarskih heroja, a me\u0111u njima bila je i dogradona\u010delnica Jadranka Matok Bosan\u010di\u0107.<br \/>\nGra\u0111ani Ka\u0161tela su svije\u0107e upalili i du\u017e Ceste dr. Franje Tu\u0111mana, kao i u\u010denici ispred i u blizini svojih \u0161kola.<\/p>\n<p>Na sam Dan sje\u0107anja, tradicionalna misa za \u017ertvu Vukovara i \u0160kabrnje odr\u017eana je u \u017eupnoj crkvi u Ka\u0161tel Starom, nakon \u010dega su vjernici upalili jo\u0161 svije\u0107a u Vukovarskoj ulici.<br \/>\nU 18.11 sati, u \u010dast i sje\u0107anje na Vukovar i \u0160kabrnju s ka\u0161telanskih crkvi zazvonila su zvona koja su se \u010dula diljem Hrvatske.<\/p>\n<p>Tekst i foto: PGK<\/p>\n","protected":false},"excerpt":{"rendered":"<p>U spomen na stradanje i \u017ertvu Vukovara u Domovinskom ratu u Hrvatskoj je obilje\u017een Dan sje\u0107anja, koji&nbsp; je po prvi [&hellip;]<\/p>\n","protected":false},"author":7,"featured_media":4714,"comment_status":"closed","ping_status":"open","sticky":false,"template":"","format":"standard","meta":{"_acf_changed":false,"footnotes":""},"categories":[1],"tags":[],"class_list":["post-4713","post","type-post","status-publish","format-standard","has-post-thumbnail","hentry","category-novosti"],"acf":[],"_links":{"self":[{"href":"https:\/\/kastela.hr\/en\/wp-json\/wp\/v2\/posts\/4713","targetHints":{"allow":["GET"]}}],"collection":[{"href":"https:\/\/kastela.hr\/en\/wp-json\/wp\/v2\/posts"}],"about":[{"href":"https:\/\/kastela.hr\/en\/wp-json\/wp\/v2\/types\/post"}],"author":[{"embeddable":true,"href":"https:\/\/kastela.hr\/en\/wp-json\/wp\/v2\/users\/7"}],"replies":[{"embeddable":true,"href":"https:\/\/kastela.hr\/en\/wp-json\/wp\/v2\/comments?post=4713"}],"version-history":[{"count":1,"href":"https:\/\/kastela.hr\/en\/wp-json\/wp\/v2\/posts\/4713\/revisions"}],"predecessor-version":[{"id":6938,"href":"https:\/\/kastela.hr\/en\/wp-json\/wp\/v2\/posts\/4713\/revisions\/6938"}],"wp:featuredmedia":[{"embeddable":true,"href":"https:\/\/kastela.hr\/en\/wp-json\/wp\/v2\/media\/4714"}],"wp:attachment":[{"href":"https:\/\/kastela.hr\/en\/wp-json\/wp\/v2\/media?parent=4713"}],"wp:term":[{"taxonomy":"category","embeddable":true,"href":"https:\/\/kastela.hr\/en\/wp-json\/wp\/v2\/categories?post=4713"},{"taxonomy":"post_tag","embeddable":true,"href":"https:\/\/kastela.hr\/en\/wp-json\/wp\/v2\/tags?post=4713"}],"curies":[{"name":"wp","href":"https:\/\/api.w.org\/{rel}","templated":true}]}}