{"id":4694,"date":"2020-11-26T09:58:00","date_gmt":"2020-11-26T08:58:00","guid":{"rendered":"https:\/\/kastela.hr\/en\/2020\/11\/26\/zapoceli-radovi-na-izgradnji-reciklaznog-dvorista-za-gradevni-otpad\/"},"modified":"2024-08-29T10:47:55","modified_gmt":"2024-08-29T08:47:55","slug":"zapoceli-radovi-na-izgradnji-reciklaznog-dvorista-za-gradevni-otpad","status":"publish","type":"post","link":"https:\/\/kastela.hr\/en\/2020\/11\/26\/zapoceli-radovi-na-izgradnji-reciklaznog-dvorista-za-gradevni-otpad\/","title":{"rendered":"Zapo\u010deli radovi na izgradnji recikla\u017enog dvori\u0161ta za gra\u0111evni otpad"},"content":{"rendered":"<p>Zapo\u010dela je gradnja recikla\u017enog dvori\u0161ta za gra\u0111evni otpad, projekt koji su pokrenuli CEMEX Hrvatska i Grad Ka\u0161tela. Bit \u0107e to prva lokacija za zbrinjavanje gra\u0111evnog otpada u Splitsko-dalmatinskoj \u017eupaniji, koja \u0107e osigurati da gra\u0111ani otpad od gradnje mogu zbrinuti legalno i na okoli\u0161no prihvatljiv na\u010din.<\/p>\n<p>Za projekt su tijekom ove godine isho\u0111ene sve potrebne dozvole, odabran je izvo\u0111a\u010d Takom te je zapo\u010dela gradnja koja bi trebala biti zavr\u0161ena na prolje\u0107e idu\u0107e godine. Tijek projekta i predvi\u0111eni zavr\u0161etak u Ka\u0161tel Su\u0107urcu su predstavili direktor CEMEX-a Hrvatska Velimir Vilovi\u0107 i gradona\u010delnik Grada Ka\u0161tela Denis Ivanovi\u0107.<\/p>\n<p>&#8211; Za CEMEX je ovaj projekt zna\u010dajan jer poma\u017eemo rije\u0161iti dugogodi\u0161nji problem lokalne zajednice. Otvaranjem ove nove mogu\u0107nosti za gra\u0111ane zadovoljit \u0107e se sve potrebe za uspostavom sustava za gospodarenje gra\u0111evnim otpadom prema zahtjevima kru\u017enog gospodarstva. Projekt je u partnerstvu s Gradom Ka\u0161tela osmi\u0161ljen u skladu s konceptom odr\u017eivog razvoja koji je integralni dio na\u0161eg pristupa poslovanju, kako globalno, tako i u Hrvatskoj &#8211; istaknuo je <strong>Velimir Vilovi\u0107<\/strong>.<\/p>\n<p>&#8211; Kad je u pitanju otpad u Ka\u0161telima, zaista smo uveli reda, po\u010dev\u0161i od otvaranja recikla\u017enog dvori\u0161ta za razli\u010dite vrste otpada, preuzimanja otpada s ku\u0107nog praga pa do sudjelovanja u izgradnji ovog recikla\u017enog dvori\u0161ta. Jo\u0161 smo u fazi dogovora o zajedni\u010dkom osnivanju dru\u0161tva koje \u0107e njime upravljati, a radi se o tehni\u010dkim pitanjima za koja vjerujemo da \u0107emo ih dogovoriti u skorom roku &#8211; izjavio je gradona\u010delnik Grada Ka\u0161tela <strong>Denis Ivanovi\u0107<\/strong><\/p>\n<p>&#8211; Tako\u0111er, planiramo izgraditi jo\u0161 jedno gradsko recikla\u017eno dvori\u0161te za koje smo u prora\u010dunu za idu\u0107u godinu planirali oko 1,5 milijuna kuna. Tako \u0107e, uz recikla\u017eno dvori\u0161te u Rudinama, Ka\u0161telani&nbsp;odre\u0111ene vrste otpada mo\u0107i odlagati i u Ka\u0161tel Su\u0107urcu, \u0161to \u0107e smanjiti tro\u0161kove prijevoza i u\u0161tedjeti vrijeme &ndash; dodao je gradona\u010delnik.<\/p>\n<p>Kapaciteta 100 tona po danu, \u0161to je na godi\u0161njoj razini 30.000 tona, novo recikla\u017eno dvori\u0161te smje\u0161teno je na zapadnom dijelu postoje\u0107eg eksploatacijskog polja Sv. Juraj &#8211; Sv. Kajo, na kojem se ranije odvijala eksploatacija mineralnih sirovina. Obuhvatit \u0107e povr\u0161inu od 6,300 metara kvadratnih, a u gradnju i opremanje CEMEX \u0107e u prvoj fazi ulo\u017eiti oko 3 milijuna kuna. Dodatnih 1,5 milijuna kuna ulo\u017eit \u0107e se naknadno u pove\u0107anje kapaciteta i daljnje unaprje\u0111enje u\u010dinkovitosti, ukoliko to to bude zahtijevalo tr\u017ei\u0161te, odnosno potrebe gra\u0111ana.<\/p>\n<p>&nbsp;<\/p>\n","protected":false},"excerpt":{"rendered":"<p>Zapo\u010dela je gradnja recikla\u017enog dvori\u0161ta za gra\u0111evni otpad, projekt koji su pokrenuli CEMEX Hrvatska i Grad Ka\u0161tela. Bit \u0107e to [&hellip;]<\/p>\n","protected":false},"author":7,"featured_media":4695,"comment_status":"closed","ping_status":"open","sticky":false,"template":"","format":"standard","meta":{"_acf_changed":false,"footnotes":""},"categories":[1],"tags":[],"class_list":["post-4694","post","type-post","status-publish","format-standard","has-post-thumbnail","hentry","category-novosti"],"acf":[],"_links":{"self":[{"href":"https:\/\/kastela.hr\/en\/wp-json\/wp\/v2\/posts\/4694","targetHints":{"allow":["GET"]}}],"collection":[{"href":"https:\/\/kastela.hr\/en\/wp-json\/wp\/v2\/posts"}],"about":[{"href":"https:\/\/kastela.hr\/en\/wp-json\/wp\/v2\/types\/post"}],"author":[{"embeddable":true,"href":"https:\/\/kastela.hr\/en\/wp-json\/wp\/v2\/users\/7"}],"replies":[{"embeddable":true,"href":"https:\/\/kastela.hr\/en\/wp-json\/wp\/v2\/comments?post=4694"}],"version-history":[{"count":1,"href":"https:\/\/kastela.hr\/en\/wp-json\/wp\/v2\/posts\/4694\/revisions"}],"predecessor-version":[{"id":6935,"href":"https:\/\/kastela.hr\/en\/wp-json\/wp\/v2\/posts\/4694\/revisions\/6935"}],"wp:featuredmedia":[{"embeddable":true,"href":"https:\/\/kastela.hr\/en\/wp-json\/wp\/v2\/media\/4695"}],"wp:attachment":[{"href":"https:\/\/kastela.hr\/en\/wp-json\/wp\/v2\/media?parent=4694"}],"wp:term":[{"taxonomy":"category","embeddable":true,"href":"https:\/\/kastela.hr\/en\/wp-json\/wp\/v2\/categories?post=4694"},{"taxonomy":"post_tag","embeddable":true,"href":"https:\/\/kastela.hr\/en\/wp-json\/wp\/v2\/tags?post=4694"}],"curies":[{"name":"wp","href":"https:\/\/api.w.org\/{rel}","templated":true}]}}