{"id":4686,"date":"2020-11-27T06:27:00","date_gmt":"2020-11-27T05:27:00","guid":{"rendered":"https:\/\/kastela.hr\/en\/2020\/11\/27\/gradonacelnik-denis-ivanovic-odrzao-sastanak-s-predsjednikom-uprave-hz-infrastrukture-ivanom-krsicem\/"},"modified":"2024-08-29T10:47:55","modified_gmt":"2024-08-29T08:47:55","slug":"gradonacelnik-denis-ivanovic-odrzao-sastanak-s-predsjednikom-uprave-hz-infrastrukture-ivanom-krsicem","status":"publish","type":"post","link":"https:\/\/kastela.hr\/en\/2020\/11\/27\/gradonacelnik-denis-ivanovic-odrzao-sastanak-s-predsjednikom-uprave-hz-infrastrukture-ivanom-krsicem\/","title":{"rendered":"Gradona\u010delnik Denis Ivanovi\u0107 odr\u017eao sastanak s predsjednikom Uprave H\u017d Infrastrukture Ivanom Kr\u0161i\u0107em"},"content":{"rendered":"<p>Ka\u0161telanski gradona\u010delnik Denis Ivanovi\u0107 zajedno sa svojim zamjenikom Grgicom Benuti\u0107em odr\u017eao je sastanak u zgradi Gradske uprave s Ivanom Kr\u0161i\u0107em, predsjednikom Uprave H\u017d Infrastrukture. Kr\u0161i\u0107 je obe\u0107ao urediti i modernizirati pru\u017eni prijelaz na Putu Gospe od Dra\u010dina u Ka\u0161tel Luk\u0161i\u0107u, prijelaz na istoku Ka\u0161tel Su\u0107urca te izgradnju novog stajali\u0161ta na podru\u010dju Rudina, ali nije odbacio potrebe i mogu\u0107nosti ure\u0111enja i drugih prijelaza.<\/p>\n<p>&#8211; Imamo iznimno veliki obujam posla jer odr\u017eavamo kolosijeke, pruge, objekte. U ovom trenutku osiguravamo vi\u0161e od 1500 prijelaza u Hrvatskoj, pri \u010demu su ograni\u010dena sredstva jedan od problema. Prema postoje\u0107oj strategiji za modernizaciju prijelaza, a sukladno prioritetima, u Ka\u0161telima \u0107e se modernizirati prijelaz Ka\u0161tel Luk\u0161i\u0107 za \u0161to je gotov projekt i dozvole, a radovi \u0107e zapo\u010deti u drugoj polovici sljede\u0107e godine. Stanje sigurnosti uredit \u0107e se i na kraju Star\u010devi\u0107eve ulice u Ka\u0161tel Su\u0107urcu, a svi ostali prijelazi u Ka\u0161telima na red \u0107e do\u0107i u doglednoj budu\u0107nosti. Treba napomenuti da u Ka\u0161telima postoje i &bdquo;divlji&ldquo; prijelazi &ndash; kazao je Kr\u0161i\u0107 navode\u0107i da su imali u planu ure\u0111enje pojedinih stajali\u0161ta, no odustali su kako ne bi radili dvostruki posao po\u0161to je aktivirana tema izgradnje i ure\u0111enja \u017eeljezni\u010dke pruge od trajektne do zra\u010dne luke.<\/p>\n<p>U H\u017d Infrastrukturi razmotrit \u0107e i zahtjeve gra\u0111ana te Grada Ka\u0161tela za formiranjem jo\u0161 jednog stajali\u0161ta i to u Ka\u0161tel Luk\u0161i\u0107u, pri \u010demu \u0107e ocijeniti potrebe gra\u0111ana kao i udaljenost stajali\u0161ta u Ka\u0161tel Kambelovcu i Radunu.<\/p>\n<p>&#8211; Drago mi je da je ure\u0111ena dokumentacija te najavljen po\u010detak radova na prijelazu u Luk\u0161i\u0107u. Kako smo danas informirani, za otprilike mjesec dana bit \u0107e poznato kako \u0107e se opremiti iznimno opasni prijelaz u Su\u0107urcu, kojeg vjerojatno ne\u0107e obuhvatiti potpuna modernizacija. Posebno nas veseli izgradnja stajali\u0161ta u Rudinama, gdje u ovom trenutku \u017eivi ve\u0107i broj stanovnika pa bi&nbsp; time i njihova povezanost sa Splitom, ali i ostatkom Ka\u0161tela, bila jednostavnija i br\u017ea&nbsp; &#8211; kazao je gradona\u010delnik Ivanovi\u0107, najaviv\u0161i i daljnja tra\u017eenja Grada prema H\u017d-u.<\/p>\n<p>&nbsp;<\/p>\n","protected":false},"excerpt":{"rendered":"<p>Ka\u0161telanski gradona\u010delnik Denis Ivanovi\u0107 zajedno sa svojim zamjenikom Grgicom Benuti\u0107em odr\u017eao je sastanak u zgradi Gradske uprave s Ivanom Kr\u0161i\u0107em, [&hellip;]<\/p>\n","protected":false},"author":7,"featured_media":4687,"comment_status":"closed","ping_status":"open","sticky":false,"template":"","format":"standard","meta":{"_acf_changed":false,"footnotes":""},"categories":[1],"tags":[],"class_list":["post-4686","post","type-post","status-publish","format-standard","has-post-thumbnail","hentry","category-novosti"],"acf":[],"_links":{"self":[{"href":"https:\/\/kastela.hr\/en\/wp-json\/wp\/v2\/posts\/4686","targetHints":{"allow":["GET"]}}],"collection":[{"href":"https:\/\/kastela.hr\/en\/wp-json\/wp\/v2\/posts"}],"about":[{"href":"https:\/\/kastela.hr\/en\/wp-json\/wp\/v2\/types\/post"}],"author":[{"embeddable":true,"href":"https:\/\/kastela.hr\/en\/wp-json\/wp\/v2\/users\/7"}],"replies":[{"embeddable":true,"href":"https:\/\/kastela.hr\/en\/wp-json\/wp\/v2\/comments?post=4686"}],"version-history":[{"count":1,"href":"https:\/\/kastela.hr\/en\/wp-json\/wp\/v2\/posts\/4686\/revisions"}],"predecessor-version":[{"id":6934,"href":"https:\/\/kastela.hr\/en\/wp-json\/wp\/v2\/posts\/4686\/revisions\/6934"}],"wp:featuredmedia":[{"embeddable":true,"href":"https:\/\/kastela.hr\/en\/wp-json\/wp\/v2\/media\/4687"}],"wp:attachment":[{"href":"https:\/\/kastela.hr\/en\/wp-json\/wp\/v2\/media?parent=4686"}],"wp:term":[{"taxonomy":"category","embeddable":true,"href":"https:\/\/kastela.hr\/en\/wp-json\/wp\/v2\/categories?post=4686"},{"taxonomy":"post_tag","embeddable":true,"href":"https:\/\/kastela.hr\/en\/wp-json\/wp\/v2\/tags?post=4686"}],"curies":[{"name":"wp","href":"https:\/\/api.w.org\/{rel}","templated":true}]}}