{"id":4656,"date":"2020-12-17T07:37:00","date_gmt":"2020-12-17T06:37:00","guid":{"rendered":"https:\/\/kastela.hr\/en\/2020\/12\/17\/odrzana-25-sjednica-gradskog-vijeca\/"},"modified":"2024-08-29T10:47:54","modified_gmt":"2024-08-29T08:47:54","slug":"odrzana-25-sjednica-gradskog-vijeca","status":"publish","type":"post","link":"https:\/\/kastela.hr\/en\/2020\/12\/17\/odrzana-25-sjednica-gradskog-vijeca\/","title":{"rendered":"Odr\u017eana 25. sjednica Gradskog vije\u0107a"},"content":{"rendered":"<p>Zbog epidemiolo\u0161ke situacije vezane uz pandemiju koronavirusa, po prethodnom dogovoru s predsjednicima Klubova vije\u0107nika, odr\u017eana je 25. sjednica Gradskog vije\u0107a elektroni\u010dkim putem, sukladno Uputama za odr\u017eavanje sjednice u posebnim okolnostima. Sve to\u010dke dnevnog reda usvojene su jednoglasno ili ve\u0107inom glasova me\u0111u kojima je Prijedlog II. izmjena i dopuna Prora\u010duna Grada Ka\u0161tela za 2020. godinu. Pandemija koronavirusa i mjere za obuzdavanje \u0161irenja predstavljaju zna\u010dajan teret za hrvatsko gospodarstvo i stanje javnih financija, a tu spada i financiranje jedinica lokalne samouprave. Zato je Vlada Republike Hrvatske donijela Zaklju\u010dak o ograni\u010davanju rashoda prora\u010dunskih i izvanprora\u010dunskih korisnika dr\u017eavnog prora\u010duna zbog promjene gospodarskih okolnosti uslijed pandemije. Najve\u0107i udjel rashoda odnosi se na Upravni odjel za komunalno gospodarstvo i imovinsko pravne poslove 40,71 %, odnosno 82.254.360 kn, a zatim na UO za dru\u0161tvene djelatnosti 21,91 %, odnosno 44.275.500 kn.<\/p>\n<p>Osim toga, vije\u0107nici su usvojili P<a href=\"https:\/\/www.kastela.hr\/DesktopModules\/Bring2mind\/DMX\/API\/Entries\/Download?language=hr-HR&amp;Command=Core_Download&amp;EntryId=3911&amp;PortalId=0\" target=\"_blank\" rel=\"noopener\">rijedlog Odluke o osloba\u0111anju pla\u0107anja zakupnine za kori\u0161tenje poslovnih prostora i javnih povr\u0161ina u vlasni\u0161tvu Grada Ka\u0161tela.<\/a> Odlukom Sto\u017eera civilne za\u0161tite Republike Hrvatske, pojedinim zakupnicima poslovnih prostora u vlasni\u0161tvu Grada Ka\u0161tela je obustavljen rad pa se oni <strong>osloba\u0111aju obveze pla\u0107anja zakupnine poslovnih prostora i javnih povr\u0161ina za mjesec prosinac<\/strong>.<\/p>\n<p>Usvojen je i <a href=\"https:\/\/www.kastela.hr\/DesktopModules\/Bring2mind\/DMX\/API\/Entries\/Download?language=hr-HR&amp;Command=Core_Download&amp;EntryId=3912&amp;PortalId=0\" target=\"_blank\" rel=\"noopener\">Prijedlog odluke o privremenoj zabrani izvo\u0111enja radova u 2021. godini koja se odnosi na radove za vrijeme turisti\u010dke sezone&nbsp;<\/a>, a prema suglasnosti i mi\u0161ljenju Turisti\u010dke zajednice grada Ka\u0161tela. Vije\u0107nici su, me\u0111u ostalim, usvojili i <a href=\"https:\/\/www.kastela.hr\/DesktopModules\/Bring2mind\/DMX\/API\/Entries\/Download?language=hr-HR&amp;Command=Core_Download&amp;EntryId=3914&amp;PortalId=0\" target=\"_blank\" rel=\"noopener\">Prijedlog odluke raspore\u0111ivanju sredstava za redovito godi\u0161nje financiranje politi\u010dkih stranaka i nezavisnih vije\u0107nika zastupljenih u Gradskom vije\u0107u za 2021. godinu&nbsp;<\/a><\/p>\n","protected":false},"excerpt":{"rendered":"<p>Zbog epidemiolo\u0161ke situacije vezane uz pandemiju koronavirusa, po prethodnom dogovoru s predsjednicima Klubova vije\u0107nika, odr\u017eana je 25. sjednica Gradskog vije\u0107a [&hellip;]<\/p>\n","protected":false},"author":7,"featured_media":4657,"comment_status":"closed","ping_status":"open","sticky":false,"template":"","format":"standard","meta":{"_acf_changed":false,"footnotes":""},"categories":[1],"tags":[],"class_list":["post-4656","post","type-post","status-publish","format-standard","has-post-thumbnail","hentry","category-novosti"],"acf":[],"_links":{"self":[{"href":"https:\/\/kastela.hr\/en\/wp-json\/wp\/v2\/posts\/4656","targetHints":{"allow":["GET"]}}],"collection":[{"href":"https:\/\/kastela.hr\/en\/wp-json\/wp\/v2\/posts"}],"about":[{"href":"https:\/\/kastela.hr\/en\/wp-json\/wp\/v2\/types\/post"}],"author":[{"embeddable":true,"href":"https:\/\/kastela.hr\/en\/wp-json\/wp\/v2\/users\/7"}],"replies":[{"embeddable":true,"href":"https:\/\/kastela.hr\/en\/wp-json\/wp\/v2\/comments?post=4656"}],"version-history":[{"count":1,"href":"https:\/\/kastela.hr\/en\/wp-json\/wp\/v2\/posts\/4656\/revisions"}],"predecessor-version":[{"id":6923,"href":"https:\/\/kastela.hr\/en\/wp-json\/wp\/v2\/posts\/4656\/revisions\/6923"}],"wp:featuredmedia":[{"embeddable":true,"href":"https:\/\/kastela.hr\/en\/wp-json\/wp\/v2\/media\/4657"}],"wp:attachment":[{"href":"https:\/\/kastela.hr\/en\/wp-json\/wp\/v2\/media?parent=4656"}],"wp:term":[{"taxonomy":"category","embeddable":true,"href":"https:\/\/kastela.hr\/en\/wp-json\/wp\/v2\/categories?post=4656"},{"taxonomy":"post_tag","embeddable":true,"href":"https:\/\/kastela.hr\/en\/wp-json\/wp\/v2\/tags?post=4656"}],"curies":[{"name":"wp","href":"https:\/\/api.w.org\/{rel}","templated":true}]}}