{"id":4650,"date":"2020-12-21T05:52:00","date_gmt":"2020-12-21T04:52:00","guid":{"rendered":"https:\/\/kastela.hr\/en\/2020\/12\/21\/predstavnici-zupanije-i-grada-obisli-dovrsene-radove-energetske-obnove-centra-mir-u-rudinama\/"},"modified":"2024-08-29T10:47:54","modified_gmt":"2024-08-29T08:47:54","slug":"predstavnici-zupanije-i-grada-obisli-dovrsene-radove-energetske-obnove-centra-mir-u-rudinama","status":"publish","type":"post","link":"https:\/\/kastela.hr\/en\/2020\/12\/21\/predstavnici-zupanije-i-grada-obisli-dovrsene-radove-energetske-obnove-centra-mir-u-rudinama\/","title":{"rendered":"Predstavnici \u017dupanije i Grada obi\u0161li dovr\u0161ene radove energetske obnove Centra Mir u Rudinama"},"content":{"rendered":"<p>\u017dupan&nbsp;Bla\u017eenko Boban zajedno sa zamjenikom&nbsp;Lukom Br\u010di\u0107em&nbsp;i gradona\u010delnikom grada Ka\u0161tela&nbsp;Denisom Ivanovi\u0107em&nbsp;i njegovim zamjenikom&nbsp;Grgom Benuti\u0107em&nbsp;posjetili su u petak Centar za rehabilitaciju Mir u Rudinama kako bi obi\u0161li&nbsp;dovr\u0161etak radova energetske obnove.<\/p>\n<p>Ravnatelj centra za rehabilitaciju centra Mir&nbsp;Bo\u0161ko Rozga&nbsp;proveo je predstavnike Grada i \u017dupanije i pokazao renovirane objekte koje koriste korisnici Centra.<\/p>\n<p>-Iskoristili smo priliku da \u017eupanu i gradona\u010delniku sa svojim suradnicima poka\u017eemo \u0161to smo uspjeli napraviti u ovom proteklom periodu sredstvima koje smo dobili iz Prora\u010duna \u017dupanije i Grada Ka\u0161tela. Splitsko-dalmatinska \u017eupanija sudjelovala je sa&nbsp;600 tisu\u0107a kuna,&nbsp;a Grad sa&nbsp;400 tisu\u0107a kuna&nbsp;u &nbsp;kompletnoj energetskoj obnovi jednog od pet stambenih objekata koji korisnici koriste trajnog smje\u0161taja \u0161to uklju\u010duje izmjenu krovi\u0161ta, fasadu i stolariju, a na svim ostalim objektima stavljena je stolarija. Presretni smo jer od po\u010detka djelovanja centra prije 23 godine nije se ni\u0161ta mijenjalo. Ovo je jedan po\u010detak i siguran san da \u0107emo nastaviti s unaprje\u0111enjem na\u0161eg centra za bolji standard na\u0161ih korisnika &ndash; kazao je tom prilikom Rozga.<\/p>\n<p>Zamjenik \u017eupana&nbsp;Luka Br\u010di\u0107, svake godine dolazi u obilazak Centra u Rudinama.<\/p>\n<p>&#8211; Kao \u0161to je poznato, Splitsko-dalmatinska \u017eupanija svake godine obilazi mnoge socijalne i dru\u0161tvene ustanove, no ove godine na\u017ealost, zbog ovih okolnosti nije se mogao uprili\u010diti susret kao \u0161to je bilo svake godine kada bi za svetu Lucu organizirali koncert. Ove godine ih nismo zaboravili, skupno smo predstavnicima uru\u010dili \u010dek od 10 tisu\u0107a kuna, ali ovaj put je na\u0161 posjet obilje\u017een jednim zna\u010dajnim doga\u0111ajem, a to je da je odre\u0111eni broj objekata energetski obnovljen i Splitsko-dalmatinska \u017eupanija je iz svojih mati\u010dnih sredstava ulo\u017eila 600 tisu\u0107a kuna. Vidjeli smo obnovljeni dio, ravnatelj nas je upoznao s trenutnim stanjem, a Splitsko-dalmatinska \u017eupanija \u0107e nastaviti pratiti ovu hvalevrijednu ustanovu i instituciju &ndash; kazao je Br\u010di\u0107.&nbsp;<\/p>\n<p>Gradona\u010delnik grada Ka\u0161tela&nbsp;Denis Ivanovi\u0107&nbsp;zadovoljan je \u0161to korisnici Centra u Ka\u0161telima imaju bolje uvjete.<\/p>\n<p>&#8211; Grad Ka\u0161tela je oduvijek podupirao rad Centra a tako \u0107e i nastaviti u budu\u0107nosti. Izrazito sam sretan \u0161to se obnavljaju objekti u kojima trajno \u017eivi dosta korisnika dok se Centar brine i dolazi u posjet i donosi hranu jo\u0161 nekim korisnicima na podru\u010dju Ka\u0161tela i time na\u0161im sugra\u0111anima omogu\u0107ava kvalitetnu njegu i zdravstvenu za\u0161titu. Nastavit \u0107emo pratiti rad Centra i biti njihova podr\u0161ka u radu. Hvala ravnatelju i njegovim djelatnicima na dosada\u0161njoj suradnji i kvalitetnom radu &ndash;&nbsp;naglasio je gradona\u010delnik Ivanovi\u0107 nakon obilaska radova.<\/p>\n<p>Foto: PGK<\/p>\n","protected":false},"excerpt":{"rendered":"<p>\u017dupan&nbsp;Bla\u017eenko Boban zajedno sa zamjenikom&nbsp;Lukom Br\u010di\u0107em&nbsp;i gradona\u010delnikom grada Ka\u0161tela&nbsp;Denisom Ivanovi\u0107em&nbsp;i njegovim zamjenikom&nbsp;Grgom Benuti\u0107em&nbsp;posjetili su u petak Centar za rehabilitaciju Mir [&hellip;]<\/p>\n","protected":false},"author":7,"featured_media":4651,"comment_status":"closed","ping_status":"open","sticky":false,"template":"","format":"standard","meta":{"_acf_changed":false,"footnotes":""},"categories":[1],"tags":[],"class_list":["post-4650","post","type-post","status-publish","format-standard","has-post-thumbnail","hentry","category-novosti"],"acf":[],"_links":{"self":[{"href":"https:\/\/kastela.hr\/en\/wp-json\/wp\/v2\/posts\/4650","targetHints":{"allow":["GET"]}}],"collection":[{"href":"https:\/\/kastela.hr\/en\/wp-json\/wp\/v2\/posts"}],"about":[{"href":"https:\/\/kastela.hr\/en\/wp-json\/wp\/v2\/types\/post"}],"author":[{"embeddable":true,"href":"https:\/\/kastela.hr\/en\/wp-json\/wp\/v2\/users\/7"}],"replies":[{"embeddable":true,"href":"https:\/\/kastela.hr\/en\/wp-json\/wp\/v2\/comments?post=4650"}],"version-history":[{"count":1,"href":"https:\/\/kastela.hr\/en\/wp-json\/wp\/v2\/posts\/4650\/revisions"}],"predecessor-version":[{"id":6922,"href":"https:\/\/kastela.hr\/en\/wp-json\/wp\/v2\/posts\/4650\/revisions\/6922"}],"wp:featuredmedia":[{"embeddable":true,"href":"https:\/\/kastela.hr\/en\/wp-json\/wp\/v2\/media\/4651"}],"wp:attachment":[{"href":"https:\/\/kastela.hr\/en\/wp-json\/wp\/v2\/media?parent=4650"}],"wp:term":[{"taxonomy":"category","embeddable":true,"href":"https:\/\/kastela.hr\/en\/wp-json\/wp\/v2\/categories?post=4650"},{"taxonomy":"post_tag","embeddable":true,"href":"https:\/\/kastela.hr\/en\/wp-json\/wp\/v2\/tags?post=4650"}],"curies":[{"name":"wp","href":"https:\/\/api.w.org\/{rel}","templated":true}]}}