{"id":4643,"date":"2020-12-29T05:00:00","date_gmt":"2020-12-29T04:00:00","guid":{"rendered":"https:\/\/kastela.hr\/en\/2020\/12\/29\/javni-poziv-za-financiranje-programa-i-projekata-u-kulturi-od-javnog-interesa-za-grad-kastela-u-2021-godini\/"},"modified":"2024-08-29T10:47:54","modified_gmt":"2024-08-29T08:47:54","slug":"javni-poziv-za-financiranje-programa-i-projekata-u-kulturi-od-javnog-interesa-za-grad-kastela-u-2021-godini","status":"publish","type":"post","link":"https:\/\/kastela.hr\/en\/2020\/12\/29\/javni-poziv-za-financiranje-programa-i-projekata-u-kulturi-od-javnog-interesa-za-grad-kastela-u-2021-godini\/","title":{"rendered":"Javni poziv za financiranje programa i projekata u kulturi od javnog interesa za grad Ka\u0161tela u 2021. godini"},"content":{"rendered":"<p>Grad Ka\u0161tela objavljuje Javni poziv za financiranje programa i projekata u kulturi od javnog interesa za grad Ka\u0161tela u 2021. godinu. Predmet Javnog poziva je prikupljanje prijedloga programa i projekata u kulturi za 2021. godinu koji su od javnog interesa za grad Ka\u0161tela. U prora\u010dunu je planirano ukupno 1.600 000 kuna za sufinanciranje programa i projekata u kulturi grada Ka\u0161tela.<\/p>\n<p>Sukladno Pravilniku o financiranju javnih potreba Grada Ka\u0161tela, Programu javnih potreba u kulturi Grada Ka\u0161tela za 2021. godinu i Kriterijima za ocjenjivanje programa i projekata sufinancirat \u0107e se programi i projekti u sljede\u0107im djelatnostima: glazbena, glazbeno-scenska i plesna, kazali\u0161na, knji\u017eevno-nakladni\u010dka i knji\u017eni\u010darska, muzejsko-galerijska i likovna, filmska, manifestacije sa sadr\u017eajima koji spadaju u djelatnosti u kulturi, za\u0161tita i obnova kulturne i prirodne ba\u0161tine.<\/p>\n<p>Javni poziv je otvoren od 29. prosinca 2020. do 29. sije\u010dnja 2021. godine.<\/p>\n<p>Prijave se podnose isklju\u010divo na obrascima, koji su zajedno s Uputama za prijavitelje dostupni na mre\u017enim stranicama <a href=\"http:\/\/www.kastela.hr\">www.kastela.hr<\/a><\/p>\n<p>Natje\u010dajnu dokumentaciju potrebno je poslati po\u0161tom, preko dostavlja\u010da ili osobno u Pisarnicu na sljede\u0107u adresu: Grad Ka\u0161tela, Upravni odjel za dru\u0161tvene djelatnosti i op\u0107e poslove, Bra\u0107e Radi\u0107 1, Ka\u0161tel Su\u0107urac 21212 .<\/p>\n<p>&nbsp;<\/p>\n<p>&nbsp;<\/p>\n","protected":false},"excerpt":{"rendered":"<p>Grad Ka\u0161tela objavljuje Javni poziv za financiranje programa i projekata u kulturi od javnog interesa za grad Ka\u0161tela u 2021. [&hellip;]<\/p>\n","protected":false},"author":7,"featured_media":4644,"comment_status":"closed","ping_status":"open","sticky":false,"template":"","format":"standard","meta":{"_acf_changed":false,"footnotes":""},"categories":[1],"tags":[],"class_list":["post-4643","post","type-post","status-publish","format-standard","has-post-thumbnail","hentry","category-novosti"],"acf":[],"_links":{"self":[{"href":"https:\/\/kastela.hr\/en\/wp-json\/wp\/v2\/posts\/4643","targetHints":{"allow":["GET"]}}],"collection":[{"href":"https:\/\/kastela.hr\/en\/wp-json\/wp\/v2\/posts"}],"about":[{"href":"https:\/\/kastela.hr\/en\/wp-json\/wp\/v2\/types\/post"}],"author":[{"embeddable":true,"href":"https:\/\/kastela.hr\/en\/wp-json\/wp\/v2\/users\/7"}],"replies":[{"embeddable":true,"href":"https:\/\/kastela.hr\/en\/wp-json\/wp\/v2\/comments?post=4643"}],"version-history":[{"count":1,"href":"https:\/\/kastela.hr\/en\/wp-json\/wp\/v2\/posts\/4643\/revisions"}],"predecessor-version":[{"id":6920,"href":"https:\/\/kastela.hr\/en\/wp-json\/wp\/v2\/posts\/4643\/revisions\/6920"}],"wp:featuredmedia":[{"embeddable":true,"href":"https:\/\/kastela.hr\/en\/wp-json\/wp\/v2\/media\/4644"}],"wp:attachment":[{"href":"https:\/\/kastela.hr\/en\/wp-json\/wp\/v2\/media?parent=4643"}],"wp:term":[{"taxonomy":"category","embeddable":true,"href":"https:\/\/kastela.hr\/en\/wp-json\/wp\/v2\/categories?post=4643"},{"taxonomy":"post_tag","embeddable":true,"href":"https:\/\/kastela.hr\/en\/wp-json\/wp\/v2\/tags?post=4643"}],"curies":[{"name":"wp","href":"https:\/\/api.w.org\/{rel}","templated":true}]}}