{"id":4637,"date":"2020-12-30T06:07:00","date_gmt":"2020-12-30T05:07:00","guid":{"rendered":"https:\/\/kastela.hr\/en\/2020\/12\/30\/odrzan-sastanak-gradskog-stozera-civilne-zastite-zbog-razornog-potresa-u-petrinji\/"},"modified":"2024-08-29T10:47:54","modified_gmt":"2024-08-29T08:47:54","slug":"odrzan-sastanak-gradskog-stozera-civilne-zastite-zbog-razornog-potresa-u-petrinji","status":"publish","type":"post","link":"https:\/\/kastela.hr\/en\/2020\/12\/30\/odrzan-sastanak-gradskog-stozera-civilne-zastite-zbog-razornog-potresa-u-petrinji\/","title":{"rendered":"Odr\u017ean sastanak gradskog Sto\u017eera Civilne za\u0161tite zbog razornog potresa u Petrinji"},"content":{"rendered":"<p>Brojni Ka\u0161telani javili su se odmah nakon razornog potresa nude\u0107i razli\u010dite vrste pomo\u0107i stanovnicima Petrinje i Siska, kao cijele Sisa\u010dko-moslava\u010dke \u017eupanije, a kako se pomo\u0107 u Ka\u0161telima ne bi prikupljala stihijski i dodatno se ote\u017ealo stanovnicima navedenog podru\u010dja odr\u017ean je hitni sastanak gradona\u010delnika Denisa Ivanovi\u0107a i dijela gradskog Sto\u017eera Civilne za\u0161tite, na kojem su se dogovorili koraci i koordinacija prikupljanja pomo\u0107i, pri \u010demu su uputili zamolbu gra\u0111anima, udrugama i ustanovama da se pridr\u017eavaju donesenih dogovora.<\/p>\n<p>Zamolba je upu\u0107ena nakon apela iz Siska i Petrinje, u kojima su ljudi u \u017eelji da pomognu, stvorili gu\u017eve i dodatne probleme.<\/p>\n<p><em><strong>Prikupljane hrane i potrep\u0161tina<\/strong><\/em><\/p>\n<p>Iako se ve\u0107 na nekoliko lokacija u Ka\u0161telima, u organizaciji pojedinih udruga, \u017eupa, mjesnih odbora pa i pojedinaca,&nbsp; zapo\u010delo s prikupljanjem&nbsp; potrep\u0161tina od strane gra\u0111ana, cijelom akcijom koordinira Gradsko dru\u0161tvo Crvenog kri\u017ea Ka\u0161tela, koje je i slu\u017ebeno ovla\u0161teno za provedbu akcije.<\/p>\n<p>Ka\u0161telanski Crveni kri\u017e danas je ve\u0107 uputio poziv pojedincima da donacije donesu svakog dana, osim Nove godine, a i tada ako bude potreba, u vremenu od 8 do 15 sati.&nbsp;<\/p>\n<p>Isto tako, s ovog sastanka upu\u0107en je poziv udrugama, ustanovama i pojedincima koji sakupljaju potrep\u0161tine od gra\u0111ana diljem Ka\u0161tela, da iste donesu u skladi\u0161te Crvenog kri\u017ea pa i u poslijepodnevnim i ve\u010dernjim satima, no naravno neka se prije jave ravnatelju ili djelatnicima Crvenog kri\u017ea, kako bi se otvorilo skladi\u0161te.<\/p>\n<p>Me\u0111u prvima, koji su donijeli nekoliko kombija punih materijala u Crveni kri\u017e bio je odbojka\u0161ki klub Ka\u0161tela.<\/p>\n<p><strong>Ono \u0161to je va\u017eno naglasiti je da svi koji prikupljaju pomo\u0107 istu trebaju razvrstati po vrsti pomo\u0107i, hrana, higijenske potrep\u0161tine, deke i sli\u010dno te na kutije u kojima se to zapakira napisati \u0161to je u kutiji. Time se smanjuje potreba za dodatnim i nepotrebnim radom Crvenog kri\u017ea u Ka\u0161telima, koji sve donirano mora sortirati te na pravilan na\u010din isti proslijediti Crvenom kri\u017eu u Sisa\u010dko-moslava\u010dkoj \u017eupaniji.<\/strong><\/p>\n<p><strong>Ono \u0161to je u ovom trenutku najpotrebnije je trajna, nekvarljiva hrana, poput konzervi, bra\u0161na, \u0161e\u0107era, soli, tjestenine, trajnog mlijeka, higijenske potrep\u0161tine kao \u0161to su sapuni, toaletni papir, higijenski ulo\u0161ci, maramice i drugo, a posebno pelene za djecu i odrasle, dezinficijensi, maske i rukavice, za\u0161titna odijela, \u0161titnike za o\u010di.&nbsp;<\/strong><br \/>\n<strong><strong>Odje\u0107a i obu\u0107a za sada nije potrebna pa se i ne prikuplja!<\/strong><\/strong><\/p>\n<p><strong>Jo\u0161 jednom napominjemo:&nbsp;<\/strong>Prikupljenu pomo\u0107 razvrstati, ozna\u010diti te je proslijediti Crvenom kri\u017eu Ka\u0161tela, koji \u0107e ve\u0107 sutra organizirati prvi transport za potresom pogo\u0111eno podru\u010dje.<\/p>\n<p><em><strong>Smje\u0161taj za osobe i obitelji koji su ostali bez domova<\/strong><\/em><\/p>\n<p>Pojedini Ka\u0161telani ve\u0107 su danas ponudili svoje apartmane, vikendice i vi\u0161ak stambenog prostora, za potrebe osoba i obitelji kojima su ku\u0107e razru\u0161ene ili nestabilne pa smje\u0161taja u svom gradu ili mjestu trenutno nemaju.<\/p>\n<p>Kako bi sve ponude objedinili na jednom mjestu, ovim dijelom akcije koordinirat \u0107e Sto\u017eer Civilne za\u0161tite, na \u010delu s na\u010delnicom Jadrankom Matok-Bosan\u010di\u0107.<\/p>\n<p>Svi zainteresirani za ustupanje privremenog smje\u0161taja unesre\u0107enima, \u0161to prije, a preporuka je do srijede do podne, kako bi se podaci mogli poslati u \u017eupanijski Sto\u017eer, trebaju podatke o smje\u0161taju kojeg su voljni privremeno ustupiti stanovnicima potresom razorenog podru\u010dja, uputiti na mail adresu&nbsp;<a href=\"mailto:civilnazastita@kastela.hr\"><span id=\"cloak2e6f86767e8c193477cb172f5b719aa8\">civilnazastita@kastela.hr<\/span><\/a>&nbsp;ili zvati na broj telefona 021\/ 205-205.<\/p>\n<p>Iako je tendencija da se \u0161to prije prikupe podaci o smje\u0161taju, svi koji ovu obavijest vide naknadno ili im se naknadno otvori mogu\u0107nost slobodnog smje\u0161taja, i u danima poslije mogu svoju ponudu s informacijama uputiti na navedenu adresu ili telefon.<\/p>\n<p>Predstavnici planinarskih dru\u0161tava Kozjak i Mala\u010dka ve\u0107 su ponudili smje\u0161taje u svojim planinarskim domovima, a nu\u017ean smje\u0161taj ponudili su i HGSS-ovci u svojim prostorijama u Ka\u0161tel Luk\u0161i\u0107u.<\/p>\n<p><em><strong>Nov\u010dane donacije&nbsp; &nbsp; &nbsp; &nbsp; &nbsp; &nbsp; &nbsp; &nbsp; &nbsp; &nbsp; &nbsp; &nbsp; &nbsp; &nbsp; &nbsp; &nbsp;&nbsp;<\/strong><\/em><\/p>\n<p>Zainteresirani mogu donirati i nov\u010dana sredstva za pomo\u0107 osobama pogo\u0111enim potresom u Petrinji i Sisku, a za to je otvoren poseban ra\u010dun&nbsp; kod Privredne banke Zagreb IBAN: HR6923400091511555516 Poziv na broj: 770<\/p>\n<p>Za uplate iz inozemstva &#8211; SWIFT CODE: PBZGHR2X<\/p>\n<p>Grad Ka\u0161tela za ovu svrhu u narednim danima uplatit \u0107e 150 tisu\u0107a kuna.<\/p>\n<p><em><strong>Osobna pomo\u0107 u radu<\/strong><\/em><\/p>\n<p>Kao \u0161to su gra\u0111ani zamoljeni da neplanski, samoinicijativno i stihijski ne dolaze u pogo\u0111ena mjesta i gradove sa humanitarnom pomo\u0107i, tako su gra\u0111ani zamoljeni da neorganizirano i bez suradnje sa Sto\u017eerom Civilne za\u0161tite ne odlaze u ispomo\u0107 u ra\u0161\u010di\u0161\u0107avanju ru\u0161evina i traganju za nestalima.<\/p>\n<p>Zbog velike gu\u017eve ne mo\u017ee se voditi evidencija tko se u odre\u0111enom vremenu nalazi na podru\u010dju Sisa\u010dko-moslava\u010dke \u017eupanije, nema smje\u0161taja niti za doma\u0107ine, a kamoli za one koji pristi\u017eu pa se eventualna pomo\u0107 u ljudstvu i strojevima tako\u0111er treba koordinirati sa ka\u0161telanskim Sto\u017eerom.<\/p>\n<p>Upravo tako, organizirano, u Petrinju je oti\u0161la i mehanizacija te djelatnici ka\u0161telanske tvrtke Art projekt, kao i dva tima s deset pripadnika Gorske slu\u017ebe spa\u0161avanja iz ka\u0161telanske ispostave s dronom.<\/p>\n<p>Popis, za sada poznatih lokacija, gdje udruge, \u017eupe i mjesni odbori vr\u0161e prihvat donacija od gra\u0111ana donijet \u0107emo u srijedu ujutro. Do tad, jo\u0161 jednom podsje\u0107amo da cilj humane akcije ne zna\u010di prvi prikupiti pomo\u0107 i na svoju ruku je distribuirati, bez reda i organizacije, nego pomo\u0107 uputiti na pravu adresu, organizirano i nadasve odgovorno.<\/p>\n<p><em>Tekst i foto: PGK<\/em><\/p>\n<p>&nbsp;<\/p>\n","protected":false},"excerpt":{"rendered":"<p>Brojni Ka\u0161telani javili su se odmah nakon razornog potresa nude\u0107i razli\u010dite vrste pomo\u0107i stanovnicima Petrinje i Siska, kao cijele Sisa\u010dko-moslava\u010dke [&hellip;]<\/p>\n","protected":false},"author":7,"featured_media":4638,"comment_status":"closed","ping_status":"open","sticky":false,"template":"","format":"standard","meta":{"_acf_changed":false,"footnotes":""},"categories":[1],"tags":[],"class_list":["post-4637","post","type-post","status-publish","format-standard","has-post-thumbnail","hentry","category-novosti"],"acf":[],"_links":{"self":[{"href":"https:\/\/kastela.hr\/en\/wp-json\/wp\/v2\/posts\/4637","targetHints":{"allow":["GET"]}}],"collection":[{"href":"https:\/\/kastela.hr\/en\/wp-json\/wp\/v2\/posts"}],"about":[{"href":"https:\/\/kastela.hr\/en\/wp-json\/wp\/v2\/types\/post"}],"author":[{"embeddable":true,"href":"https:\/\/kastela.hr\/en\/wp-json\/wp\/v2\/users\/7"}],"replies":[{"embeddable":true,"href":"https:\/\/kastela.hr\/en\/wp-json\/wp\/v2\/comments?post=4637"}],"version-history":[{"count":1,"href":"https:\/\/kastela.hr\/en\/wp-json\/wp\/v2\/posts\/4637\/revisions"}],"predecessor-version":[{"id":6918,"href":"https:\/\/kastela.hr\/en\/wp-json\/wp\/v2\/posts\/4637\/revisions\/6918"}],"wp:featuredmedia":[{"embeddable":true,"href":"https:\/\/kastela.hr\/en\/wp-json\/wp\/v2\/media\/4638"}],"wp:attachment":[{"href":"https:\/\/kastela.hr\/en\/wp-json\/wp\/v2\/media?parent=4637"}],"wp:term":[{"taxonomy":"category","embeddable":true,"href":"https:\/\/kastela.hr\/en\/wp-json\/wp\/v2\/categories?post=4637"},{"taxonomy":"post_tag","embeddable":true,"href":"https:\/\/kastela.hr\/en\/wp-json\/wp\/v2\/tags?post=4637"}],"curies":[{"name":"wp","href":"https:\/\/api.w.org\/{rel}","templated":true}]}}