{"id":4634,"date":"2021-01-05T06:46:00","date_gmt":"2021-01-05T05:46:00","guid":{"rendered":"https:\/\/kastela.hr\/en\/2021\/01\/05\/dan-zalosti-u-republici-hrvatskoj-zbog-tragedije-u-posusju\/"},"modified":"2024-08-29T10:47:54","modified_gmt":"2024-08-29T08:47:54","slug":"dan-zalosti-u-republici-hrvatskoj-zbog-tragedije-u-posusju","status":"publish","type":"post","link":"https:\/\/kastela.hr\/en\/2021\/01\/05\/dan-zalosti-u-republici-hrvatskoj-zbog-tragedije-u-posusju\/","title":{"rendered":"Dan \u017ealosti u Republici Hrvatskoj zbog tragedije u Posu\u0161ju"},"content":{"rendered":"<p>U Hrvatskoj je dan \u017ealosti u spomen na osmero mladih koji su preminuli u novogodi\u0161noj no\u0107i u tragi\u010dnoj nesre\u0107i blizu Posu\u0161ja.<\/p>\n<p>Odluku da 5. sije\u010dnja proglasi danom \u017ealosti donijela je ju\u010der hrvatska vlada. Premijer Andrej Plenkovi\u0107 poru\u010dio je kako se radi o &ldquo;poruci solidarnosti i potpore u ime cijele Hrvatske&rdquo; i tu odluku, donesenu na poticaj \u0161efa diplomacije Gordana Grli\u0107a Radmana, nazvao je &ldquo;ispravnom porukom&rdquo;.<\/p>\n<p>Osmero mladih umrlo je u novogodi\u0161njoj no\u0107i od posljedica trovanja ispu\u0161nim plinovima od agregata koja je vikendicu u mjestu Tribistovo kod Posu\u0161ja, gdje su \u010dekali Novu godinu, opskrbljivala elektri\u010dnom energijom.<\/p>\n","protected":false},"excerpt":{"rendered":"<p>U Hrvatskoj je dan \u017ealosti u spomen na osmero mladih koji su preminuli u novogodi\u0161noj no\u0107i u tragi\u010dnoj nesre\u0107i blizu [&hellip;]<\/p>\n","protected":false},"author":7,"featured_media":4635,"comment_status":"closed","ping_status":"open","sticky":false,"template":"","format":"standard","meta":{"_acf_changed":false,"footnotes":""},"categories":[1],"tags":[],"class_list":["post-4634","post","type-post","status-publish","format-standard","has-post-thumbnail","hentry","category-novosti"],"acf":[],"_links":{"self":[{"href":"https:\/\/kastela.hr\/en\/wp-json\/wp\/v2\/posts\/4634","targetHints":{"allow":["GET"]}}],"collection":[{"href":"https:\/\/kastela.hr\/en\/wp-json\/wp\/v2\/posts"}],"about":[{"href":"https:\/\/kastela.hr\/en\/wp-json\/wp\/v2\/types\/post"}],"author":[{"embeddable":true,"href":"https:\/\/kastela.hr\/en\/wp-json\/wp\/v2\/users\/7"}],"replies":[{"embeddable":true,"href":"https:\/\/kastela.hr\/en\/wp-json\/wp\/v2\/comments?post=4634"}],"version-history":[{"count":1,"href":"https:\/\/kastela.hr\/en\/wp-json\/wp\/v2\/posts\/4634\/revisions"}],"predecessor-version":[{"id":6917,"href":"https:\/\/kastela.hr\/en\/wp-json\/wp\/v2\/posts\/4634\/revisions\/6917"}],"wp:featuredmedia":[{"embeddable":true,"href":"https:\/\/kastela.hr\/en\/wp-json\/wp\/v2\/media\/4635"}],"wp:attachment":[{"href":"https:\/\/kastela.hr\/en\/wp-json\/wp\/v2\/media?parent=4634"}],"wp:term":[{"taxonomy":"category","embeddable":true,"href":"https:\/\/kastela.hr\/en\/wp-json\/wp\/v2\/categories?post=4634"},{"taxonomy":"post_tag","embeddable":true,"href":"https:\/\/kastela.hr\/en\/wp-json\/wp\/v2\/tags?post=4634"}],"curies":[{"name":"wp","href":"https:\/\/api.w.org\/{rel}","templated":true}]}}