{"id":4581,"date":"2021-02-08T08:50:00","date_gmt":"2021-02-08T07:50:00","guid":{"rendered":"https:\/\/kastela.hr\/en\/2021\/02\/08\/medunarodni-dan-darivanja-knjiga-gkk-organizira-akciju-darivanja-slikovnica\/"},"modified":"2024-08-29T10:47:54","modified_gmt":"2024-08-29T08:47:54","slug":"medunarodni-dan-darivanja-knjiga-gkk-organizira-akciju-darivanja-slikovnica","status":"publish","type":"post","link":"https:\/\/kastela.hr\/en\/2021\/02\/08\/medunarodni-dan-darivanja-knjiga-gkk-organizira-akciju-darivanja-slikovnica\/","title":{"rendered":"Me\u0111unarodni dan darivanja knjiga: GKK organizira akciju darivanja slikovnica"},"content":{"rendered":"<p>Gradska knji\u017enica Ka\u0161tela u Godini \u010ditanja i povodom Me\u0111unarodnog dana darivanja knjiga koji se obilje\u017eava 14. velja\u010de, organizira akciju prikupljanja slikovnica i knjiga za djecu. Akcija se provodi u okviru nacionalne kampanje <em>\u010citaj mi<\/em> pod sloganom &bdquo;\u010citam, dam, sretan sam &ndash; svoju knjigu daruj i tu\u0111e srce obraduj&ldquo;.<\/p>\n<p>Cilj ove akcije je poticanje djece na \u010ditanje i darivanje knjiga i slikovnica koje vi\u0161e ne koriste onoj djeci koja nisu u mogu\u0107nosti imati vlastite slikovnice. Daruju\u0107i svoju knjigu ili slikovnicu drugom djetetu, uz obja\u0161njenje za\u0161to to radi i koliko \u0107e to drugom djetetu zna\u010diti, djeca u\u010de koliko je lijepo i va\u017eno pomagati.<\/p>\n<p>Nove ili o\u010duvane pro\u010ditane slikovnice i knjige za djecu mo\u017eete donijeti u sve odjele Gradske knji\u017enice Ka\u0161tela do 13. velja\u010de u radnom vremenu.<\/p>\n<p>Kutije za prikupljanje slikovnica bit \u0107e postavljene na ulazu u knji\u017eni\u010dne odjele, a knji\u017eni\u010dari \u0107e iste dezinficirati i pripremiti za darivanje djeci kojoj su slikovnice potrebne.<\/p>\n<p>&nbsp;<\/p>\n","protected":false},"excerpt":{"rendered":"<p>Gradska knji\u017enica Ka\u0161tela u Godini \u010ditanja i povodom Me\u0111unarodnog dana darivanja knjiga koji se obilje\u017eava 14. velja\u010de, organizira akciju prikupljanja [&hellip;]<\/p>\n","protected":false},"author":7,"featured_media":4582,"comment_status":"closed","ping_status":"open","sticky":false,"template":"","format":"standard","meta":{"_acf_changed":false,"footnotes":""},"categories":[1],"tags":[],"class_list":["post-4581","post","type-post","status-publish","format-standard","has-post-thumbnail","hentry","category-novosti"],"acf":[],"_links":{"self":[{"href":"https:\/\/kastela.hr\/en\/wp-json\/wp\/v2\/posts\/4581","targetHints":{"allow":["GET"]}}],"collection":[{"href":"https:\/\/kastela.hr\/en\/wp-json\/wp\/v2\/posts"}],"about":[{"href":"https:\/\/kastela.hr\/en\/wp-json\/wp\/v2\/types\/post"}],"author":[{"embeddable":true,"href":"https:\/\/kastela.hr\/en\/wp-json\/wp\/v2\/users\/7"}],"replies":[{"embeddable":true,"href":"https:\/\/kastela.hr\/en\/wp-json\/wp\/v2\/comments?post=4581"}],"version-history":[{"count":1,"href":"https:\/\/kastela.hr\/en\/wp-json\/wp\/v2\/posts\/4581\/revisions"}],"predecessor-version":[{"id":6905,"href":"https:\/\/kastela.hr\/en\/wp-json\/wp\/v2\/posts\/4581\/revisions\/6905"}],"wp:featuredmedia":[{"embeddable":true,"href":"https:\/\/kastela.hr\/en\/wp-json\/wp\/v2\/media\/4582"}],"wp:attachment":[{"href":"https:\/\/kastela.hr\/en\/wp-json\/wp\/v2\/media?parent=4581"}],"wp:term":[{"taxonomy":"category","embeddable":true,"href":"https:\/\/kastela.hr\/en\/wp-json\/wp\/v2\/categories?post=4581"},{"taxonomy":"post_tag","embeddable":true,"href":"https:\/\/kastela.hr\/en\/wp-json\/wp\/v2\/tags?post=4581"}],"curies":[{"name":"wp","href":"https:\/\/api.w.org\/{rel}","templated":true}]}}