{"id":4578,"date":"2021-02-10T11:59:00","date_gmt":"2021-02-10T10:59:00","guid":{"rendered":"https:\/\/kastela.hr\/en\/2021\/02\/10\/sazvana-26-sjednica-gradskog-vijeca\/"},"modified":"2024-11-28T11:15:07","modified_gmt":"2024-11-28T10:15:07","slug":"sazvana-26-sjednica-gradskog-vijeca","status":"publish","type":"post","link":"https:\/\/kastela.hr\/en\/2021\/02\/10\/sazvana-26-sjednica-gradskog-vijeca\/","title":{"rendered":"Sazvana 26. sjednica Gradskog vije\u0107a"},"content":{"rendered":"<p>Predsjednik Gradskog vije\u0107a Ivan Udovi\u010di\u0107 sazvao je 26. sjednicu Gradskog vije\u0107a.&nbsp;<strong>U uvjetima posebnih okolnosti izazvanih epidemijom bolesti COVID-19 uzrokovane virusom SARS-CoV-2 a, 26.sjednica Gradskog vije\u0107a odr\u017eat \u0107e se&nbsp;17. velja\u010de (srijeda) 2021. g. u 12 sati u Kino dvorani Sveti Juraj u Ka\u0161tel Su\u0107urcu<\/strong><\/p>\n<p><strong>Napomena:&nbsp;sjednica \u0107e se odr\u017eati uz obvezno po\u0161tivanje propisanih epidemiolo\u0161kih mjera, a posebno dezinfekcije, no\u0161enje za\u0161titne maske te po\u0161tivanje mjere udaljenosti me\u0111u prisutnima.<\/strong><\/p>\n<p>Dnevni red se sastoji od 16 to\u010daka:<\/p>\n<p>&nbsp; 1. Usvajanje Zapisnika s 25. sjednice Gradskog vije\u0107a<\/p>\n<p>&nbsp;&nbsp;2. Vije\u0107ni\u010dka pitanja i prijedlozi<\/p>\n<p>3. Prijedlog I. Izmjena i dopuna Prora\u010duna Grada Ka\u0161tela za 2021. godinu<\/p>\n<p>&nbsp; &nbsp;&nbsp;&nbsp;&#8211; Izvjestiteljica: Matija Marija \u0110iki\u0107, pro\u010delnica Upravnog odjela za financije, prora\u010dun i javnu nabavu<\/p>\n<p>&nbsp; 4. Prijedlog 1. izmjene Programa financiranja javnih potreba udruga gra\u0111ana, institucija, ustanova i vjerskih zajednica Grada Ka\u0161tela za 2021. godinu<\/p>\n<p>&nbsp;&nbsp;&nbsp;&nbsp;&nbsp; &#8211; Izvjestiteljica: Sandra Zoki\u0107, pro\u010delnica Upravnog odjela za dru\u0161tvene djelatnosti i op\u0107e &nbsp;poslove<\/p>\n<p>&nbsp; 5. Prijedlog izmjena i dopuna Statuta Grada Ka\u0161tela<\/p>\n<p>&nbsp; 6. Prijedlog izmjena i dopuna Poslovnika Gradskog vije\u0107a Grada Ka\u0161tela<\/p>\n<p>&nbsp; &nbsp;&nbsp;&nbsp;&nbsp;&#8211; Izvjestiteljica t. 5. i t 6. : Sanda Jakus, pro\u010delnica Upravnog odjela za poslove Gradona\u010delnika i Gradskog vije\u0107a<\/p>\n<p>&nbsp; 7. Prijedlog odluke o davanju dvije (2) koncesije za obavljanje dimnja\u010darskih poslova na I. i II. dimnja\u010darskom podru\u010dju Grad Ka\u0161tela<\/p>\n<p>&nbsp; 8. Prijedlog odluke o osloba\u0111anju od pla\u0107anja komunalne naknade<\/p>\n<p>&nbsp;&nbsp;9. Prijedlog odluke o djelomi\u010dnom osloba\u0111anju od obveze pla\u0107anja komunalnog doprinosa Marina Ka\u0161tela d.o.o. Ka\u0161tel Gomilica<\/p>\n<p>10. Prijedlog odluke o osloba\u0111anju pla\u0107anja zakupnine za kori\u0161tenje poslovnih prostora i javnih povr\u0161ina u vlasni\u0161tvu Grada Ka\u0161tela<\/p>\n<p>&nbsp; &nbsp;&nbsp;&nbsp;&#8211; Izvjestiteljica t. 7. do t. 10.: Marija Pelivan, pro\u010delnica Upravnog odjela za komunalno gospodarstvo i imovinsko- pravne poslove<\/p>\n<p>11. Prijedlozi odluka o dodjeli javnih priznanja Grada Ka\u0161tela za 2020. g.<\/p>\n<p>12. Prijedlog odluke o visini nov\u010dane nagrade dobitnicima javnih priznanja za 2020. g.<\/p>\n<p>&nbsp;&nbsp;&nbsp; &#8211; Izvjestiteljica: t. 11. i t. 12.: Dina Bali\u0107, predsjednica Komisije za dodjelu javnih priznanja.<\/p>\n<p>13. Prijedlog odluke o imenovanju ravnateljice Javne ustanove &bdquo;Gradska knji\u017enica Ka\u0161tela&ldquo;<\/p>\n<p>14. Prijedlog odluke o izmjenama i dopunama &nbsp;Odluke o osnivanju javne ustanove Javna vatrogasna postrojba Grada Ka\u0161tela<\/p>\n<p>&nbsp;&nbsp;&nbsp;&nbsp;&nbsp; &#8211; Izvjestiteljica t. 13. i t. 14.: Sandra Zoki\u0107, pro\u010delnica Upravnog odjela za dru\u0161tvene djelatnosti i op\u0107e poslove<\/p>\n<p>15. Izvje\u0161\u0107e o provjeri formalnih&nbsp; uvjeta&nbsp; za izbor \u010dlanova Savjeta mladih Grada Ka\u0161tela i njihovih zamjenika (Napomena: Uvid u cjelokupnu dokumentaciju mo\u017ee se izvr\u0161iti do po\u010detka sjednice)<\/p>\n<p>&nbsp;&nbsp;&nbsp;&nbsp;&nbsp; &#8211; Izvjestitelj: Zoran Bonacin, predsjednik Odbora za izbor i imenovanja<\/p>\n<p>16. Izbor \u010dlanova Savjeta mladih Grada Ka\u0161tela i njihovih zamjenika<\/p>\n<p><strong>Materijale i poziv na 26. sjednicu Gradskog vije\u0107a mo\u017eete preuzeti na linku ispod teksta<\/strong><\/p>\n","protected":false},"excerpt":{"rendered":"<p>Predsjednik Gradskog vije\u0107a Ivan Udovi\u010di\u0107 sazvao je 26. sjednicu Gradskog vije\u0107a.&nbsp;U uvjetima posebnih okolnosti izazvanih epidemijom bolesti COVID-19 uzrokovane virusom [&hellip;]<\/p>\n","protected":false},"author":7,"featured_media":4579,"comment_status":"closed","ping_status":"open","sticky":false,"template":"","format":"standard","meta":{"_acf_changed":false,"footnotes":""},"categories":[1],"tags":[],"class_list":["post-4578","post","type-post","status-publish","format-standard","has-post-thumbnail","hentry","category-novosti"],"acf":[],"_links":{"self":[{"href":"https:\/\/kastela.hr\/en\/wp-json\/wp\/v2\/posts\/4578","targetHints":{"allow":["GET"]}}],"collection":[{"href":"https:\/\/kastela.hr\/en\/wp-json\/wp\/v2\/posts"}],"about":[{"href":"https:\/\/kastela.hr\/en\/wp-json\/wp\/v2\/types\/post"}],"author":[{"embeddable":true,"href":"https:\/\/kastela.hr\/en\/wp-json\/wp\/v2\/users\/7"}],"replies":[{"embeddable":true,"href":"https:\/\/kastela.hr\/en\/wp-json\/wp\/v2\/comments?post=4578"}],"version-history":[{"count":2,"href":"https:\/\/kastela.hr\/en\/wp-json\/wp\/v2\/posts\/4578\/revisions"}],"predecessor-version":[{"id":14107,"href":"https:\/\/kastela.hr\/en\/wp-json\/wp\/v2\/posts\/4578\/revisions\/14107"}],"wp:featuredmedia":[{"embeddable":true,"href":"https:\/\/kastela.hr\/en\/wp-json\/wp\/v2\/media\/4579"}],"wp:attachment":[{"href":"https:\/\/kastela.hr\/en\/wp-json\/wp\/v2\/media?parent=4578"}],"wp:term":[{"taxonomy":"category","embeddable":true,"href":"https:\/\/kastela.hr\/en\/wp-json\/wp\/v2\/categories?post=4578"},{"taxonomy":"post_tag","embeddable":true,"href":"https:\/\/kastela.hr\/en\/wp-json\/wp\/v2\/tags?post=4578"}],"curies":[{"name":"wp","href":"https:\/\/api.w.org\/{rel}","templated":true}]}}