{"id":4572,"date":"2021-02-18T06:34:00","date_gmt":"2021-02-18T05:34:00","guid":{"rendered":"https:\/\/kastela.hr\/en\/2021\/02\/18\/video-odrzana-26-sjednica-gradskog-vijeca\/"},"modified":"2024-08-29T10:47:54","modified_gmt":"2024-08-29T08:47:54","slug":"video-odrzana-26-sjednica-gradskog-vijeca","status":"publish","type":"post","link":"https:\/\/kastela.hr\/en\/2021\/02\/18\/video-odrzana-26-sjednica-gradskog-vijeca\/","title":{"rendered":"VIDEO: Odr\u017eana 26. sjednica Gradskog vije\u0107a"},"content":{"rendered":"<p>Uz pridr\u017eavanje propisanih epidemiolo\u0161kih mjera, 26. sjednica Gradskog vije\u0107a odr\u017eana je u kinu Sveti Juraj u Ka\u0161tel Su\u0107urcu na kojoj su, ve\u0107inom glasova, usvojene sve to\u010dke dnevnog reda. Izme\u0111u ostalog, po prvi put bez primjedbi, usvojene su I. izmjene i dopune prora\u010duna Grada Ka\u0161tela za 2021. godinu. Izmjene su uvjetovane elementarnom nepogodom i omogu\u0107avanjem financijske pomo\u0107i prijateljskom gradu Zapre\u0161i\u0107u, u kojem je nedavni potres&nbsp;ostavio velike posljedice. Usvojenim izmjenama smanjuju se rashodi u Odjelu za dru\u0161tvene djelatnosti i op\u0107e poslove na programu kapitalnih donacija te se ta sredstva, u iznosu od 200 tisu\u0107a kuna usmjeravaju za pomo\u0107 gra\u0111anima Zapre\u0161i\u0107a.<\/p>\n<p>Gradski vije\u0107nici su izglasali izmjene Statuta Grada Ka\u0161tela, do kojih je do\u0161lo u skladu s izmjenama Zakona o lokalnoj samoupravi koji donosi&nbsp;manji broj \u010dlanova Gradskog vije\u0107a, umjesto dosada\u0161njih 25, bit \u0107e 21 vije\u0107nik te izmjene u broju zamjenika gradona\u010delnika po kojima \u0107e Ka\u0161tela u budu\u0107nosti imati samo jednog zamjenika.<\/p>\n<p>Kako bi se gra\u0111anima izi\u0161lo u susret i pomoglo prilikom ubla\u017eavanja posljedica izazvanih pandemijom koronavirusa, Gradsko vije\u0107e usvojilo je osloba\u0111anje od pla\u0107anja komunalne naknade za poslovni prostor ili gra\u0111evinsko zemlji\u0161te koje slu\u017ei za poslovnu djelatnost , poslovne subjekte&nbsp; koji su obuhva\u0107eni mjerama ograni\u010denja rada. Osloba\u0111anje se odnosi za prva tri mjeseca ove godine. Isti obveznici, koji koriste gradske prostore i javne povr\u0161ine oslobo\u0111eni su pla\u0107anja zakupnine za sije\u010danj i velja\u010du. Osim toga, tvrtka Marina Ka\u0161tela djelomi\u010dno je oslobo\u0111ena pla\u0107anja komunalnog doprinosa za izgradnju jedrili\u010darskog kluba te poslovnog centra s bazenom, koji su nakon izgradnje ve\u0107im dijelom postali objekti od sportskog i javnog interesa.<\/p>\n<p>Odlukom Gradskog vije\u0107a, ravnateljica Gradske knji\u017enice Ka\u0161tela, ostaje Renata Dobri\u0107, a na ovoj sjednici tajnim glasovanjem izabrani su \u010dlanovi Savjeta mladih i njihovi zamjenici.<\/p>\n<p>Usvojen je i prijedlog Komisije za dodjelu javnih priznanja o dobitnicima nagrada Grada za proteklu godinu. Na sve\u010danoj sjednici Gradskog vije\u0107a dodijelit \u0107e se \u010dak \u010detiri nagrade za \u017eivotno djelo i to Ton\u010du Buri\u0107u i Nedjeljku Kova\u010devu te posthumno Ivanu Plepelu i Pavi\u0161i Bratin\u010devi\u0107u. Osobne nagrade primit \u0107e &nbsp;Nikola Zorotovi\u0107, dr. Bo\u017eena Carev, Mate Tara\u0161 i Ivana Kru\u017ei\u0107. Skupne nagrade dobit \u0107e udruga za revitalizaciju sela Opor-Boti\u0107i, odbojka\u0161ki klub Ka\u0161tela, braniteljska udruga Stina pradidova. Nagrade za humanost pripasti \u0107e Mati Durdovu i Sa\u0161i Katavi\u0107u te ka\u0161telanskoj ispostavi Hrvatske gorske slu\u017ebe spa\u0161avanja.<\/p>\n<p><strong>Ispod teksta nalazi se poveznica video snimke 26. sjednice u cijelosti<\/strong><\/p>\n<p>&nbsp;<\/p>\n","protected":false},"excerpt":{"rendered":"<p>Uz pridr\u017eavanje propisanih epidemiolo\u0161kih mjera, 26. sjednica Gradskog vije\u0107a odr\u017eana je u kinu Sveti Juraj u Ka\u0161tel Su\u0107urcu na kojoj [&hellip;]<\/p>\n","protected":false},"author":7,"featured_media":4573,"comment_status":"closed","ping_status":"open","sticky":false,"template":"","format":"standard","meta":{"_acf_changed":false,"footnotes":""},"categories":[1],"tags":[],"class_list":["post-4572","post","type-post","status-publish","format-standard","has-post-thumbnail","hentry","category-novosti"],"acf":[],"_links":{"self":[{"href":"https:\/\/kastela.hr\/en\/wp-json\/wp\/v2\/posts\/4572","targetHints":{"allow":["GET"]}}],"collection":[{"href":"https:\/\/kastela.hr\/en\/wp-json\/wp\/v2\/posts"}],"about":[{"href":"https:\/\/kastela.hr\/en\/wp-json\/wp\/v2\/types\/post"}],"author":[{"embeddable":true,"href":"https:\/\/kastela.hr\/en\/wp-json\/wp\/v2\/users\/7"}],"replies":[{"embeddable":true,"href":"https:\/\/kastela.hr\/en\/wp-json\/wp\/v2\/comments?post=4572"}],"version-history":[{"count":1,"href":"https:\/\/kastela.hr\/en\/wp-json\/wp\/v2\/posts\/4572\/revisions"}],"predecessor-version":[{"id":6902,"href":"https:\/\/kastela.hr\/en\/wp-json\/wp\/v2\/posts\/4572\/revisions\/6902"}],"wp:featuredmedia":[{"embeddable":true,"href":"https:\/\/kastela.hr\/en\/wp-json\/wp\/v2\/media\/4573"}],"wp:attachment":[{"href":"https:\/\/kastela.hr\/en\/wp-json\/wp\/v2\/media?parent=4572"}],"wp:term":[{"taxonomy":"category","embeddable":true,"href":"https:\/\/kastela.hr\/en\/wp-json\/wp\/v2\/categories?post=4572"},{"taxonomy":"post_tag","embeddable":true,"href":"https:\/\/kastela.hr\/en\/wp-json\/wp\/v2\/tags?post=4572"}],"curies":[{"name":"wp","href":"https:\/\/api.w.org\/{rel}","templated":true}]}}