{"id":4553,"date":"2021-02-24T10:12:00","date_gmt":"2021-02-24T09:12:00","guid":{"rendered":"https:\/\/kastela.hr\/en\/2021\/02\/24\/gradonacelnik-denis-ivanovic-obisao-zavrsne-radove-na-uredenju-plaze-u-kastel-luksicu-i-prosirenju-groblja-u-kastel-kambelovcu\/"},"modified":"2024-08-29T10:47:54","modified_gmt":"2024-08-29T08:47:54","slug":"gradonacelnik-denis-ivanovic-obisao-zavrsne-radove-na-uredenju-plaze-u-kastel-luksicu-i-prosirenju-groblja-u-kastel-kambelovcu","status":"publish","type":"post","link":"https:\/\/kastela.hr\/en\/2021\/02\/24\/gradonacelnik-denis-ivanovic-obisao-zavrsne-radove-na-uredenju-plaze-u-kastel-luksicu-i-prosirenju-groblja-u-kastel-kambelovcu\/","title":{"rendered":"Gradona\u010delnik Denis Ivanovi\u0107 obi\u0161ao zavr\u0161ne radove na ure\u0111enju pla\u017ee u Ka\u0161tel Luk\u0161i\u0107u i pro\u0161irenju groblja u Ka\u0161tel Kambelovcu"},"content":{"rendered":"<p>Gradona\u010delnik Denis Ivanovi\u0107 zajedno s pro\u010delnicom za komunalno&nbsp;gospodarstvo, imovinsko-pravne poslove i za\u0161titu okoli\u0161a Marijom Pelivan, obi\u0161ao je zavr\u0161nu fazu radova na ure\u0111enju pla\u017ee Glavica u Ka\u0161tel Luk\u0161i\u0107u, jednoj od najljep\u0161e ure\u0111enih pla\u017ea u Splitsko &ndash; dalmatinskoj \u017eupaniji. Nakon \u0161to je protekle godine zavr\u0161ena prva faza ure\u0111enja pla\u017ee, pristupilo se ure\u0111enju druge faze koja obuhva\u0107a zahtjevnu rekonstrukciju Obale kralja Tomislava od Obrova do vile \u017darko, s oborinskom odvodnjom, rekonstrukcijom vodovoda, javnom rasvjetom, parkingom i ure\u0111enjem zelenih povr\u0161ina.<\/p>\n<p>&#8211; Zavr\u0161eni su radovi na vodoopskrbi, elektroinstalacijama kao i dio radova na oborinskoj odvodnji i asfaltiranje. Ukupno 10 milijuna kuna ulo\u017eeno je u ove dvije faze, a cilj nam je u skorijoj budu\u0107nosti projektirati tre\u0107u fazu ure\u0111enja obale koja obuhva\u0107a dio kod Baletne \u0161kole prema Ka\u0161tel Kambelovcu &ndash; kazao je gradona\u010delnik Denis Ivanovi\u0107 nakon \u010dega je posjetio gradili\u0161te u Ka\u0161tel Kambelovcu gdje su u tijeku posljednji radovi na ure\u0111enju groblja koji su zapo\u010deli prije godinu dana.<\/p>\n<p>&#8211; Imamo ukupno \u0161est groblja, a ovom investicijom u Ka\u0161tel Kambelovcu gra\u0111ani su dobili 150 novih grobnih mjesta. Sve je u cijelosti financirao Grad Ka\u0161tela tako da je vrijednost radova ne\u0161to manja od 10 milijuna kuna. Grad je otkupio jo\u0161 jedan dio zemlji\u0161ta na kambelovskom groblju tako da je u tijeku postupak isho\u0111enja gra\u0111evinske dozvole za po\u010detak radova za dodatnih 80 grobnica. U tijeku su radovi na ure\u0111enju staza nakon \u010dega \u0107e groblje biti u upotrebi. Osim toga, groblja u Ka\u0161tel Starom, Ka\u0161tel Novom i Ka\u0161tel \u0160tafili\u0107u nemaju prostora za dodatno \u0161irenje tako da razmi\u0161ljamo o novoj lokaciji koja \u0107e se vjerojatno nalaziti na podru\u010dju Rudina. Uskoro planiramo po\u010detak \u0161irenja groblja u Ka\u0161tel Luk\u0161i\u0107u, trenutno smo u fazi procjene zemlji\u0161ta, nakon \u010dega kre\u0107e otkup i izrada projekta, a osigurano je zemlji\u0161te za pro\u0161irenje groblja u Ka\u0161tel Gomilici i Ka\u0161tel Su\u0107urcu koje \u0107e tako\u0111er do\u0107i na red za izgradnju &ndash; izjavio je gradona\u010delnik Ivanovi\u0107 po zavr\u0161etku obilaska radova.<\/p>\n","protected":false},"excerpt":{"rendered":"<p>Gradona\u010delnik Denis Ivanovi\u0107 zajedno s pro\u010delnicom za komunalno&nbsp;gospodarstvo, imovinsko-pravne poslove i za\u0161titu okoli\u0161a Marijom Pelivan, obi\u0161ao je zavr\u0161nu fazu radova [&hellip;]<\/p>\n","protected":false},"author":7,"featured_media":4554,"comment_status":"closed","ping_status":"open","sticky":false,"template":"","format":"standard","meta":{"_acf_changed":false,"footnotes":""},"categories":[1],"tags":[],"class_list":["post-4553","post","type-post","status-publish","format-standard","has-post-thumbnail","hentry","category-novosti"],"acf":[],"_links":{"self":[{"href":"https:\/\/kastela.hr\/en\/wp-json\/wp\/v2\/posts\/4553","targetHints":{"allow":["GET"]}}],"collection":[{"href":"https:\/\/kastela.hr\/en\/wp-json\/wp\/v2\/posts"}],"about":[{"href":"https:\/\/kastela.hr\/en\/wp-json\/wp\/v2\/types\/post"}],"author":[{"embeddable":true,"href":"https:\/\/kastela.hr\/en\/wp-json\/wp\/v2\/users\/7"}],"replies":[{"embeddable":true,"href":"https:\/\/kastela.hr\/en\/wp-json\/wp\/v2\/comments?post=4553"}],"version-history":[{"count":1,"href":"https:\/\/kastela.hr\/en\/wp-json\/wp\/v2\/posts\/4553\/revisions"}],"predecessor-version":[{"id":6901,"href":"https:\/\/kastela.hr\/en\/wp-json\/wp\/v2\/posts\/4553\/revisions\/6901"}],"wp:featuredmedia":[{"embeddable":true,"href":"https:\/\/kastela.hr\/en\/wp-json\/wp\/v2\/media\/4554"}],"wp:attachment":[{"href":"https:\/\/kastela.hr\/en\/wp-json\/wp\/v2\/media?parent=4553"}],"wp:term":[{"taxonomy":"category","embeddable":true,"href":"https:\/\/kastela.hr\/en\/wp-json\/wp\/v2\/categories?post=4553"},{"taxonomy":"post_tag","embeddable":true,"href":"https:\/\/kastela.hr\/en\/wp-json\/wp\/v2\/tags?post=4553"}],"curies":[{"name":"wp","href":"https:\/\/api.w.org\/{rel}","templated":true}]}}