{"id":4536,"date":"2021-03-01T10:03:00","date_gmt":"2021-03-01T09:03:00","guid":{"rendered":"https:\/\/kastela.hr\/en\/2021\/03\/01\/celnici-grada-kastela-primili-predstavnike-crvenog-kriza\/"},"modified":"2024-08-29T10:47:54","modified_gmt":"2024-08-29T08:47:54","slug":"celnici-grada-kastela-primili-predstavnike-crvenog-kriza","status":"publish","type":"post","link":"https:\/\/kastela.hr\/en\/2021\/03\/01\/celnici-grada-kastela-primili-predstavnike-crvenog-kriza\/","title":{"rendered":"\u010celnici Grada Ka\u0161tela primili predstavnike Crvenog kri\u017ea"},"content":{"rendered":"<p>Uo\u010di Dana grada Ka\u0161tela, na Me\u0111unarodni dan civilne za\u0161tite koji se obilje\u017eava 1. o\u017eujka, \u010delnici Grada Ka\u0161tela primili su predstavnike Gradskog dru\u0161tva &nbsp;Crvenog kri\u017ea Ka\u0161tela kako bi im zahvalili na njihovom doprinosu i pomo\u0107i za vrijeme pandemije koronavirusa i nakon potresa u Petrinji i Sisku.<\/p>\n<p>-Zahvaljuju\u0107i va\u0161em radu i nesebi\u010dnom doprinosu, uspjeli smo u ovom prethodnom razdoblju na najbolji mogu\u0107i na\u010din iza\u0107i u susret na\u0161im sugra\u0111anima ali i stanovnicima potresom pogo\u0111enih podru\u010dja. Va\u0161 doprinos za vrijeme ove pandemije je izniman, po\u010dev\u0161i od dostave hrane najugro\u017eenijim sugra\u0111anima, pa sve do prijevoza humanitarne pomo\u0107i. Hvala vam na velikoj pomo\u0107i koju ste pru\u017eili najpotrebitijima u ovim turbulentnim vremenima &ndash; kazao je gradona\u010delnik Denis Ivanovi\u0107, a rije\u010di zahvale uputili su i njegovi zamjenici Jadranka Matok Bosan\u010di\u0107 i Grgica Benuti\u0107.<\/p>\n<p>Gradsko dru\u0161tvo Crvenog kri\u017ea Ka\u0161tela ove godine slavi 30 godina svog djelovanja u gradu pod Kozjakom<\/p>\n<p>&#8211; Punih 30 godina smo s na\u0161im sugra\u0111anima. Dijelimo s njima i dobre i lo\u0161e stvari, ali uvijek smo spremni pomo\u0107i u svakoj situaciji. Osim \u0161to poma\u017eemo kad su u pitanju elementarne nepogode poput pandemije i potresa, ne zaboravljamo ni one najmla\u0111e tako da redovito organiziramo prijevoz djece s te\u0161ko\u0107ama u razvoju. Hvala Gradu Ka\u0161tela na suradnji jer bez va\u0161e pomo\u0107i ne bismo mogli uspje\u0161no provoditi sve na\u0161e akcije &ndash; izjavio je Petar Boljat, ravnatelj Gradskog dru\u0161tva Crvenog kri\u017ea Ka\u0161tela koji je do\u0161ao u pratnji svojih suradnika.<\/p>\n<p>I novinari su zahvalili Crvenom kri\u017eu na dobroj suradnji i po\u017eeljeli vi\u0161e onih lijepih aktivnosti poput organiziranja akcija dobrovoljnog darivanja krvi i podjele poklona najmla\u0111ima nakon \u010dega je gradona\u010delnik Ivanovi\u0107 uru\u010dio zahvalnicu Gradskom dru\u0161tvu Crvenog kri\u017ea.<\/p>\n<p>&nbsp;<\/p>\n","protected":false},"excerpt":{"rendered":"<p>Uo\u010di Dana grada Ka\u0161tela, na Me\u0111unarodni dan civilne za\u0161tite koji se obilje\u017eava 1. o\u017eujka, \u010delnici Grada Ka\u0161tela primili su predstavnike [&hellip;]<\/p>\n","protected":false},"author":7,"featured_media":4537,"comment_status":"closed","ping_status":"open","sticky":false,"template":"","format":"standard","meta":{"_acf_changed":false,"footnotes":""},"categories":[1],"tags":[],"class_list":["post-4536","post","type-post","status-publish","format-standard","has-post-thumbnail","hentry","category-novosti"],"acf":[],"_links":{"self":[{"href":"https:\/\/kastela.hr\/en\/wp-json\/wp\/v2\/posts\/4536","targetHints":{"allow":["GET"]}}],"collection":[{"href":"https:\/\/kastela.hr\/en\/wp-json\/wp\/v2\/posts"}],"about":[{"href":"https:\/\/kastela.hr\/en\/wp-json\/wp\/v2\/types\/post"}],"author":[{"embeddable":true,"href":"https:\/\/kastela.hr\/en\/wp-json\/wp\/v2\/users\/7"}],"replies":[{"embeddable":true,"href":"https:\/\/kastela.hr\/en\/wp-json\/wp\/v2\/comments?post=4536"}],"version-history":[{"count":1,"href":"https:\/\/kastela.hr\/en\/wp-json\/wp\/v2\/posts\/4536\/revisions"}],"predecessor-version":[{"id":6899,"href":"https:\/\/kastela.hr\/en\/wp-json\/wp\/v2\/posts\/4536\/revisions\/6899"}],"wp:featuredmedia":[{"embeddable":true,"href":"https:\/\/kastela.hr\/en\/wp-json\/wp\/v2\/media\/4537"}],"wp:attachment":[{"href":"https:\/\/kastela.hr\/en\/wp-json\/wp\/v2\/media?parent=4536"}],"wp:term":[{"taxonomy":"category","embeddable":true,"href":"https:\/\/kastela.hr\/en\/wp-json\/wp\/v2\/categories?post=4536"},{"taxonomy":"post_tag","embeddable":true,"href":"https:\/\/kastela.hr\/en\/wp-json\/wp\/v2\/tags?post=4536"}],"curies":[{"name":"wp","href":"https:\/\/api.w.org\/{rel}","templated":true}]}}