{"id":4522,"date":"2021-03-01T10:04:00","date_gmt":"2021-03-01T09:04:00","guid":{"rendered":"https:\/\/kastela.hr\/en\/2021\/03\/01\/kresimir-batina-toni-bosancic-i-petar-borovic-najbolji-kastelanski-vatrogasci-u-2020-godini\/"},"modified":"2024-08-29T10:47:54","modified_gmt":"2024-08-29T08:47:54","slug":"kresimir-batina-toni-bosancic-i-petar-borovic-najbolji-kastelanski-vatrogasci-u-2020-godini","status":"publish","type":"post","link":"https:\/\/kastela.hr\/en\/2021\/03\/01\/kresimir-batina-toni-bosancic-i-petar-borovic-najbolji-kastelanski-vatrogasci-u-2020-godini\/","title":{"rendered":"Kre\u0161imir Batina, Toni Bosan\u010di\u0107 i Petar Borovi\u0107 najbolji ka\u0161telanski vatrogasci u 2020.godini"},"content":{"rendered":"<p>Uo\u010di Dana grada Ka\u0161tela tradicionalno se dodjeljuju priznanja najboljim ka\u0161telanskim vatrogascima u protekloj godini. Prema odluci njihovih mati\u010dnih dobrovoljnih vatrogasnih dru\u0161tava, najboljim vatrogascima u 2020. godini progla\u0161eni su Kre\u0161imir Batina iz DVD-a Ka\u0161tela, Toni Bosan\u010di\u0107 iz DVD-a Ka\u0161tel Gomilica i Petar Borovi\u0107 iz DVD-a Mladost.<\/p>\n<p>Svim vatrogascima zahvalio je gradona\u010delnik Denis Ivanovi\u0107, naglasiv\u0161i kako su vatrogasci uvijek na raspolaganju gra\u0111anima, u svim situacijama, ne samo kod ga\u0161enja po\u017eara i spa\u0161avanja ve\u0107 i kod organizacija razli\u010ditih doga\u0111anja, a posebno protekle godine za vrijeme pandemije i nakon potresa.<\/p>\n<p>&#8211; Danas, na Me\u0111unarodni dan civilne za\u0161tite, a uo\u010di Dana Grada, koristimo priliku da zahvalimo na\u0161im vatrogascima iz tri na\u0161a vatrogasna dru\u0161tva na nesebi\u010dnoj pomo\u0107i tijekom protekle, iznimno te\u0161ke godine. Dali su sve od sebe kako bi na\u0161im sugra\u0111anima izi\u0161li u susret i olak\u0161ali situacije izazvane elementarnim nepogodama. Grad na\u0161im vatrogascima pru\u017ea financijsku pomo\u0107 tijekom cijele godine, a pro\u0161le godine su dobili tri nova vatrogasna vozila. \u010cestitke najboljim vatrogascima i hvala im \u0161to \u010duvaju \u017eivote i imovinu na\u0161ih sugra\u0111ana &ndash; kazao je gradona\u010delnik Ivanovi\u0107.<\/p>\n<p>Zapovjednik Vatrogasne zajednice Ka\u0161tela Milivoj Taslak, naglasio je va\u017enost \u010dinjenice da nagra\u0111eni vatrogasci u radu svojih dru\u0161tava sudjeluju svim svojim srcem i zna\u010dajno doprinose vatrogastvu u Ka\u0161telima.<\/p>\n<p>-Na\u0161a vatrogasna mlade\u017e je na\u0161a perjanica i na\u0161 ponos. Sretni smo \u0161to imamo pravi rasadnik mladih ljudi u vatrogastvu \u0161to je u Ka\u0161telima ujedno i svojevrsna obiteljska tradicija. Iza nas je najaktivnija godina s 588 intervencija \u0161to je 15 posto vi\u0161e nego prethodne godine &ndash; kazao je Taslak.<\/p>\n<p>Najbolji vatrogasac DVD-a Ka\u0161tela Kre\u0161imir Batina imao je 71 intervenciju i 140 sati na terenu, najbolji vatrogasac DVD-a Ka\u0161tel Gomilica Toni Bosan\u010di\u0107 izi\u0161ao je na 49 intervencija s 200 sati na terenu, dok je najbolji \u010dlan DVD-a Mladost Petar Borovi\u0107 imao 12 de\u017eurstava, 21 intervenciju i 67 radnih sati. Nagra\u0111enim vatrogascima pripale su statue Sv. Florijana, za\u0161titnika vatrogasaca.<\/p>\n","protected":false},"excerpt":{"rendered":"<p>Uo\u010di Dana grada Ka\u0161tela tradicionalno se dodjeljuju priznanja najboljim ka\u0161telanskim vatrogascima u protekloj godini. Prema odluci njihovih mati\u010dnih dobrovoljnih vatrogasnih [&hellip;]<\/p>\n","protected":false},"author":7,"featured_media":4523,"comment_status":"closed","ping_status":"open","sticky":false,"template":"","format":"standard","meta":{"_acf_changed":false,"footnotes":""},"categories":[1],"tags":[],"class_list":["post-4522","post","type-post","status-publish","format-standard","has-post-thumbnail","hentry","category-novosti"],"acf":[],"_links":{"self":[{"href":"https:\/\/kastela.hr\/en\/wp-json\/wp\/v2\/posts\/4522","targetHints":{"allow":["GET"]}}],"collection":[{"href":"https:\/\/kastela.hr\/en\/wp-json\/wp\/v2\/posts"}],"about":[{"href":"https:\/\/kastela.hr\/en\/wp-json\/wp\/v2\/types\/post"}],"author":[{"embeddable":true,"href":"https:\/\/kastela.hr\/en\/wp-json\/wp\/v2\/users\/7"}],"replies":[{"embeddable":true,"href":"https:\/\/kastela.hr\/en\/wp-json\/wp\/v2\/comments?post=4522"}],"version-history":[{"count":1,"href":"https:\/\/kastela.hr\/en\/wp-json\/wp\/v2\/posts\/4522\/revisions"}],"predecessor-version":[{"id":6898,"href":"https:\/\/kastela.hr\/en\/wp-json\/wp\/v2\/posts\/4522\/revisions\/6898"}],"wp:featuredmedia":[{"embeddable":true,"href":"https:\/\/kastela.hr\/en\/wp-json\/wp\/v2\/media\/4523"}],"wp:attachment":[{"href":"https:\/\/kastela.hr\/en\/wp-json\/wp\/v2\/media?parent=4522"}],"wp:term":[{"taxonomy":"category","embeddable":true,"href":"https:\/\/kastela.hr\/en\/wp-json\/wp\/v2\/categories?post=4522"},{"taxonomy":"post_tag","embeddable":true,"href":"https:\/\/kastela.hr\/en\/wp-json\/wp\/v2\/tags?post=4522"}],"curies":[{"name":"wp","href":"https:\/\/api.w.org\/{rel}","templated":true}]}}