{"id":4493,"date":"2021-03-04T06:02:00","date_gmt":"2021-03-04T05:02:00","guid":{"rendered":"https:\/\/kastela.hr\/en\/2021\/03\/04\/video-promotivni-film-povodom-dana-grada-kastela-2021\/"},"modified":"2024-08-29T10:47:54","modified_gmt":"2024-08-29T08:47:54","slug":"video-promotivni-film-povodom-dana-grada-kastela-2021","status":"publish","type":"post","link":"https:\/\/kastela.hr\/en\/2021\/03\/04\/video-promotivni-film-povodom-dana-grada-kastela-2021\/","title":{"rendered":"VIDEO: Promotivni film povodom Dana grada Ka\u0161tela 2021."},"content":{"rendered":"<p>Uo\u010di Dana grada Ka\u0161tela 2021. na sve\u010danoj sjednici Gradskog vije\u0107a premijerno je prikazan promotivni film u kojemu je vidljivo sve \u0161to je napravljeno u prethodnom razdoblju, kao i planovi za razdoblje koje tek dolazi. U filmu se mo\u017ee vidjeti kako napreduje ure\u0111enje 17 kilometara duge ka\u0161telanske obale kao i budu\u0107i izgled obale u Ka\u0161tel \u0160tafili\u0107u, Ka\u0161tel Novom i Ka\u0161tel Su\u0107urcu.&nbsp;<\/p>\n<p>Film je dostupan u prilogu<\/p>\n<p>&nbsp;<\/p>\n","protected":false},"excerpt":{"rendered":"<p>Uo\u010di Dana grada Ka\u0161tela 2021. na sve\u010danoj sjednici Gradskog vije\u0107a premijerno je prikazan promotivni film u kojemu je vidljivo sve [&hellip;]<\/p>\n","protected":false},"author":7,"featured_media":4494,"comment_status":"closed","ping_status":"open","sticky":false,"template":"","format":"standard","meta":{"_acf_changed":false,"footnotes":""},"categories":[1],"tags":[],"class_list":["post-4493","post","type-post","status-publish","format-standard","has-post-thumbnail","hentry","category-novosti"],"acf":[],"_links":{"self":[{"href":"https:\/\/kastela.hr\/en\/wp-json\/wp\/v2\/posts\/4493","targetHints":{"allow":["GET"]}}],"collection":[{"href":"https:\/\/kastela.hr\/en\/wp-json\/wp\/v2\/posts"}],"about":[{"href":"https:\/\/kastela.hr\/en\/wp-json\/wp\/v2\/types\/post"}],"author":[{"embeddable":true,"href":"https:\/\/kastela.hr\/en\/wp-json\/wp\/v2\/users\/7"}],"replies":[{"embeddable":true,"href":"https:\/\/kastela.hr\/en\/wp-json\/wp\/v2\/comments?post=4493"}],"version-history":[{"count":1,"href":"https:\/\/kastela.hr\/en\/wp-json\/wp\/v2\/posts\/4493\/revisions"}],"predecessor-version":[{"id":6895,"href":"https:\/\/kastela.hr\/en\/wp-json\/wp\/v2\/posts\/4493\/revisions\/6895"}],"wp:featuredmedia":[{"embeddable":true,"href":"https:\/\/kastela.hr\/en\/wp-json\/wp\/v2\/media\/4494"}],"wp:attachment":[{"href":"https:\/\/kastela.hr\/en\/wp-json\/wp\/v2\/media?parent=4493"}],"wp:term":[{"taxonomy":"category","embeddable":true,"href":"https:\/\/kastela.hr\/en\/wp-json\/wp\/v2\/categories?post=4493"},{"taxonomy":"post_tag","embeddable":true,"href":"https:\/\/kastela.hr\/en\/wp-json\/wp\/v2\/tags?post=4493"}],"curies":[{"name":"wp","href":"https:\/\/api.w.org\/{rel}","templated":true}]}}