{"id":4490,"date":"2021-03-13T09:06:00","date_gmt":"2021-03-13T08:06:00","guid":{"rendered":"https:\/\/kastela.hr\/en\/2021\/03\/13\/napustio-nas-je-filko-garbin\/"},"modified":"2024-08-29T10:47:54","modified_gmt":"2024-08-29T08:47:54","slug":"napustio-nas-je-filko-garbin","status":"publish","type":"post","link":"https:\/\/kastela.hr\/en\/2021\/03\/13\/napustio-nas-je-filko-garbin\/","title":{"rendered":"Napustio nas je Filko Garbin"},"content":{"rendered":"<p>U 58.godini \u017eivota napustio nas je dugogodi\u0161nji djelatnik Gradske uprave Filko Garbin. O tome koliko je Filko bio omiljen, vrijedan djelatnik, izuzetno aktivan i prisutan u svim segmentima dru\u0161tvenog \u017eivota Ka\u0161tela, najbolje svjedo\u010de profili na dru\u0161tvenim mre\u017eama svih onih koji su ga poznavali i koji se opra\u0161taju od svog prijatelja, kolege i \u010dlana obitelji. Ovom prilikom svi djelatnici Gradske uprave izra\u017eavaju su\u0107ut njegovoj obitelji.&nbsp;<\/p>\n<p>Dragi Filko, po\u010divao u miru Bo\u017ejem.<\/p>\n","protected":false},"excerpt":{"rendered":"<p>U 58.godini \u017eivota napustio nas je dugogodi\u0161nji djelatnik Gradske uprave Filko Garbin. O tome koliko je Filko bio omiljen, vrijedan [&hellip;]<\/p>\n","protected":false},"author":1,"featured_media":4491,"comment_status":"closed","ping_status":"open","sticky":false,"template":"","format":"standard","meta":{"_acf_changed":false,"footnotes":""},"categories":[1],"tags":[],"class_list":["post-4490","post","type-post","status-publish","format-standard","has-post-thumbnail","hentry","category-novosti"],"acf":[],"_links":{"self":[{"href":"https:\/\/kastela.hr\/en\/wp-json\/wp\/v2\/posts\/4490","targetHints":{"allow":["GET"]}}],"collection":[{"href":"https:\/\/kastela.hr\/en\/wp-json\/wp\/v2\/posts"}],"about":[{"href":"https:\/\/kastela.hr\/en\/wp-json\/wp\/v2\/types\/post"}],"author":[{"embeddable":true,"href":"https:\/\/kastela.hr\/en\/wp-json\/wp\/v2\/users\/1"}],"replies":[{"embeddable":true,"href":"https:\/\/kastela.hr\/en\/wp-json\/wp\/v2\/comments?post=4490"}],"version-history":[{"count":1,"href":"https:\/\/kastela.hr\/en\/wp-json\/wp\/v2\/posts\/4490\/revisions"}],"predecessor-version":[{"id":6894,"href":"https:\/\/kastela.hr\/en\/wp-json\/wp\/v2\/posts\/4490\/revisions\/6894"}],"wp:featuredmedia":[{"embeddable":true,"href":"https:\/\/kastela.hr\/en\/wp-json\/wp\/v2\/media\/4491"}],"wp:attachment":[{"href":"https:\/\/kastela.hr\/en\/wp-json\/wp\/v2\/media?parent=4490"}],"wp:term":[{"taxonomy":"category","embeddable":true,"href":"https:\/\/kastela.hr\/en\/wp-json\/wp\/v2\/categories?post=4490"},{"taxonomy":"post_tag","embeddable":true,"href":"https:\/\/kastela.hr\/en\/wp-json\/wp\/v2\/tags?post=4490"}],"curies":[{"name":"wp","href":"https:\/\/api.w.org\/{rel}","templated":true}]}}