{"id":4487,"date":"2021-03-17T12:27:00","date_gmt":"2021-03-17T11:27:00","guid":{"rendered":"https:\/\/kastela.hr\/en\/2021\/03\/17\/raspisan-javni-poziv-za-podnosenje-prijava-za-dodjelu-potpora-za-razvoj-poduzetnistva-u-2021-godini\/"},"modified":"2024-08-29T10:47:54","modified_gmt":"2024-08-29T08:47:54","slug":"raspisan-javni-poziv-za-podnosenje-prijava-za-dodjelu-potpora-za-razvoj-poduzetnistva-u-2021-godini","status":"publish","type":"post","link":"https:\/\/kastela.hr\/en\/2021\/03\/17\/raspisan-javni-poziv-za-podnosenje-prijava-za-dodjelu-potpora-za-razvoj-poduzetnistva-u-2021-godini\/","title":{"rendered":"Raspisan Javni poziv za podno\u0161enje prijava za dodjelu potpora za razvoj poduzetni\u0161tva u 2021.godini"},"content":{"rendered":"<p>Gradona\u010delnik Denis Ivanovi\u0107 raspisao je Javni poziv za podno\u0161enje prijava za dodjelu potpora za razvoj poduzetni\u0161tva u 2021.godini koji je usmjeren svim pravnim i fizi\u010dkim osobama &nbsp;sa podru\u010dja Grada Ka\u0161tela koje udovoljavaju dalje propisanim kriterijima, a u cilju promicanja razvoja poduzetni\u0161tva i stvaranja povoljne poduzetni\u010dke klime na podru\u010dju Grada. &nbsp;Predmet poziva je dodjela namjenskih, bespovratnih nov\u010danih sredstava iz Prora\u010duna Grada Ka\u0161tela kao mjera poticanja razvoja poduzetni\u0161tva na podru\u010dju Grada Ka\u0161tela.&nbsp;<br \/>\nPotpore se odobravaju i dodjeljuju sukladno va\u017ee\u0107im propisima o dr\u017eavnoj potpori i mo\u017ee se odobriti samo onim korisnicima koji ve\u0107 nisu koristili najve\u0107i dopu\u0161teni iznos dr\u017eavne potpore za iste opravdane tro\u0161kove, odnosno dopu\u0161teni iznos dr\u017eavne potpore male vrijednosti.<br \/>\nPotpora podrazumijeva dodjelu namjenskih, bespovratnih nov\u010danih sredstava iz prora\u010duna Grada Ka\u0161tela u cilju poticanja razvoja gospodarskih subjekata na podru\u010dju Grada.<br \/>\nPotpore se dodjeljuju gospodarskim subjektima koji imaju registrirano sjedi\u0161te na podru\u010dju Grada Ka\u0161tela sukladno \u010dl. 4. &nbsp;stavak 1. Programa.<br \/>\nGospodarski subjekti koji se prijavljuju na Poziv moraju imati najmanje jednog zaposlenika koji ujedno mo\u017ee biti i vlasnik gospodarskog subjekta.<br \/>\nRazdoblje prihvatljivosti tro\u0161kova je od 01.01.2020. do isteka 4 mjeseca od datuma potpisivanja ugovora o sufinanciranju.&nbsp;<br \/>\nKorisnik koji nema podmirene financijske obveze prema Gradu Ka\u0161telima automatski se smatra neprihvatljivim za daljnji postupak vrednovanja projektnog prijedloga.<br \/>\nVi\u0161e o uvjetima i na\u010dimu ostvarivanja potpore mo\u017eete prona\u0107i u prilo\u017eenoj dokumentaciji<br \/>\n&nbsp;<\/p>\n","protected":false},"excerpt":{"rendered":"<p>Gradona\u010delnik Denis Ivanovi\u0107 raspisao je Javni poziv za podno\u0161enje prijava za dodjelu potpora za razvoj poduzetni\u0161tva u 2021.godini koji je [&hellip;]<\/p>\n","protected":false},"author":7,"featured_media":4488,"comment_status":"closed","ping_status":"open","sticky":false,"template":"","format":"standard","meta":{"_acf_changed":false,"footnotes":""},"categories":[1],"tags":[],"class_list":["post-4487","post","type-post","status-publish","format-standard","has-post-thumbnail","hentry","category-novosti"],"acf":[],"_links":{"self":[{"href":"https:\/\/kastela.hr\/en\/wp-json\/wp\/v2\/posts\/4487","targetHints":{"allow":["GET"]}}],"collection":[{"href":"https:\/\/kastela.hr\/en\/wp-json\/wp\/v2\/posts"}],"about":[{"href":"https:\/\/kastela.hr\/en\/wp-json\/wp\/v2\/types\/post"}],"author":[{"embeddable":true,"href":"https:\/\/kastela.hr\/en\/wp-json\/wp\/v2\/users\/7"}],"replies":[{"embeddable":true,"href":"https:\/\/kastela.hr\/en\/wp-json\/wp\/v2\/comments?post=4487"}],"version-history":[{"count":1,"href":"https:\/\/kastela.hr\/en\/wp-json\/wp\/v2\/posts\/4487\/revisions"}],"predecessor-version":[{"id":6893,"href":"https:\/\/kastela.hr\/en\/wp-json\/wp\/v2\/posts\/4487\/revisions\/6893"}],"wp:featuredmedia":[{"embeddable":true,"href":"https:\/\/kastela.hr\/en\/wp-json\/wp\/v2\/media\/4488"}],"wp:attachment":[{"href":"https:\/\/kastela.hr\/en\/wp-json\/wp\/v2\/media?parent=4487"}],"wp:term":[{"taxonomy":"category","embeddable":true,"href":"https:\/\/kastela.hr\/en\/wp-json\/wp\/v2\/categories?post=4487"},{"taxonomy":"post_tag","embeddable":true,"href":"https:\/\/kastela.hr\/en\/wp-json\/wp\/v2\/tags?post=4487"}],"curies":[{"name":"wp","href":"https:\/\/api.w.org\/{rel}","templated":true}]}}