{"id":4480,"date":"2021-03-19T06:03:00","date_gmt":"2021-03-19T05:03:00","guid":{"rendered":"https:\/\/kastela.hr\/en\/2021\/03\/19\/posadene-palme-na-obali-u-kastel-stafilicu\/"},"modified":"2024-08-29T10:47:54","modified_gmt":"2024-08-29T08:47:54","slug":"posadene-palme-na-obali-u-kastel-stafilicu","status":"publish","type":"post","link":"https:\/\/kastela.hr\/en\/2021\/03\/19\/posadene-palme-na-obali-u-kastel-stafilicu\/","title":{"rendered":"Posa\u0111ene palme na obali u Ka\u0161tel \u0160tafili\u0107u"},"content":{"rendered":"<p>Dio obale u Ka\u0161tel \u0160tafili\u0107u, isto\u010dno od kule Rotondo, proteklih je dana dobio potpuno novi izgled nakon \u0161to je posa\u0111eno novih \u0161est palmi. Radi se o palmama vrste Washingtonia robusta koje su manje osjetljive na palminu pipu i druge \u0161tetnike. Osim novog zida, \u0161etnice, bubamara i klupa za odmor, ovaj dio obale u koji je Grad Ka\u0161tela ulo\u017eio milijun kuna, dobio je i palme koje su dio urbane vizure pravog mediteranskog grada. Grad Ka\u0161tela \u0107e i na drugim pogodnim lokacijama saditi ove ili sli\u010dne otpornije vrste palmi kao i druge stabla\u0161ice ovisno o hortikuturnim i urbanim rje\u0161enjima kako bi na\u0161 grad bio \u0161to ljep\u0161i i zeleniji.<\/p>\n","protected":false},"excerpt":{"rendered":"<p>Dio obale u Ka\u0161tel \u0160tafili\u0107u, isto\u010dno od kule Rotondo, proteklih je dana dobio potpuno novi izgled nakon \u0161to je posa\u0111eno [&hellip;]<\/p>\n","protected":false},"author":7,"featured_media":4481,"comment_status":"closed","ping_status":"open","sticky":false,"template":"","format":"standard","meta":{"_acf_changed":false,"footnotes":""},"categories":[1],"tags":[],"class_list":["post-4480","post","type-post","status-publish","format-standard","has-post-thumbnail","hentry","category-novosti"],"acf":[],"_links":{"self":[{"href":"https:\/\/kastela.hr\/en\/wp-json\/wp\/v2\/posts\/4480","targetHints":{"allow":["GET"]}}],"collection":[{"href":"https:\/\/kastela.hr\/en\/wp-json\/wp\/v2\/posts"}],"about":[{"href":"https:\/\/kastela.hr\/en\/wp-json\/wp\/v2\/types\/post"}],"author":[{"embeddable":true,"href":"https:\/\/kastela.hr\/en\/wp-json\/wp\/v2\/users\/7"}],"replies":[{"embeddable":true,"href":"https:\/\/kastela.hr\/en\/wp-json\/wp\/v2\/comments?post=4480"}],"version-history":[{"count":1,"href":"https:\/\/kastela.hr\/en\/wp-json\/wp\/v2\/posts\/4480\/revisions"}],"predecessor-version":[{"id":6892,"href":"https:\/\/kastela.hr\/en\/wp-json\/wp\/v2\/posts\/4480\/revisions\/6892"}],"wp:featuredmedia":[{"embeddable":true,"href":"https:\/\/kastela.hr\/en\/wp-json\/wp\/v2\/media\/4481"}],"wp:attachment":[{"href":"https:\/\/kastela.hr\/en\/wp-json\/wp\/v2\/media?parent=4480"}],"wp:term":[{"taxonomy":"category","embeddable":true,"href":"https:\/\/kastela.hr\/en\/wp-json\/wp\/v2\/categories?post=4480"},{"taxonomy":"post_tag","embeddable":true,"href":"https:\/\/kastela.hr\/en\/wp-json\/wp\/v2\/tags?post=4480"}],"curies":[{"name":"wp","href":"https:\/\/api.w.org\/{rel}","templated":true}]}}