{"id":4477,"date":"2021-03-22T10:35:00","date_gmt":"2021-03-22T09:35:00","guid":{"rendered":"https:\/\/kastela.hr\/en\/2021\/03\/22\/grad-kastela-u-akciji-sat-za-planet-zemlju\/"},"modified":"2024-08-29T10:47:54","modified_gmt":"2024-08-29T08:47:54","slug":"grad-kastela-u-akciji-sat-za-planet-zemlju","status":"publish","type":"post","link":"https:\/\/kastela.hr\/en\/2021\/03\/22\/grad-kastela-u-akciji-sat-za-planet-zemlju\/","title":{"rendered":"Grad Ka\u0161tela u akciji \u201eSat za planet Zemlju\u201c"},"content":{"rendered":"<p>Grad Ka\u0161tela odazvao se pozivu Svjetske organizacije za za\u0161titu prirode(WWF) i uklju\u010dio&nbsp;u akciju Sat za planet Zemlju kojom je planirano da u subotu, 27. o\u017eujka, u 20:30 sati na jedan sat isklju\u010di dekorativnu rasvjetu u sredi\u0161tu grada. Kao i pro\u0161le godine, Grad Ka\u0161tela \u0107e isklju\u010diti ovom prilikom javnu rasvjetu oko dvorca Vitturi u Ka\u0161tel Luk\u0161i\u0107u.<\/p>\n<p>Ove godine je Sat za planet Zemlju usmjeren na&nbsp;govor o klimatskim promjenama, \u010dijih smo posljedica sada svjesniji nego ikada prije. Prethodnu godinu su obilje\u017eili brojni&nbsp;ekstremni vremenski doga\u0111aji, poput &nbsp;porasta temperatura, zaga\u0111enosti rijeka, \u010de\u0161\u0107ih \u0161umskih po\u017eara, pojave novih zaraznih bolesti &#8211; svi su oni povezani s klimom i imaju izravan utjecaj na \u010dovje\u010danstvo. Ga\u0161enjem svjetala simboli\u010dno ukazujemo na klimatske probleme koji postoje, a u \u010dijem suzbijanju svatko od nas ima va\u017enu ulogu.<\/p>\n<p>Iz WWF-a pozivaju gra\u0111ane da se pridru\u017ee akciji,&nbsp;ugase svjetla&nbsp;i virtualno prate&nbsp;Zoom doga\u0111aj&nbsp;\u010diji je moto&nbsp;&quot;Pokreni se za planet&rdquo;, a koji \u0107e se odr\u017eati u vrijeme Sata za planet Zemlju, 27. o\u017eujka od 20:30 sati.<\/p>\n<p>\n&nbsp;<\/p>\n","protected":false},"excerpt":{"rendered":"<p>Grad Ka\u0161tela odazvao se pozivu Svjetske organizacije za za\u0161titu prirode(WWF) i uklju\u010dio&nbsp;u akciju Sat za planet Zemlju kojom je planirano [&hellip;]<\/p>\n","protected":false},"author":7,"featured_media":4478,"comment_status":"closed","ping_status":"open","sticky":false,"template":"","format":"standard","meta":{"_acf_changed":false,"footnotes":""},"categories":[1],"tags":[],"class_list":["post-4477","post","type-post","status-publish","format-standard","has-post-thumbnail","hentry","category-novosti"],"acf":[],"_links":{"self":[{"href":"https:\/\/kastela.hr\/en\/wp-json\/wp\/v2\/posts\/4477","targetHints":{"allow":["GET"]}}],"collection":[{"href":"https:\/\/kastela.hr\/en\/wp-json\/wp\/v2\/posts"}],"about":[{"href":"https:\/\/kastela.hr\/en\/wp-json\/wp\/v2\/types\/post"}],"author":[{"embeddable":true,"href":"https:\/\/kastela.hr\/en\/wp-json\/wp\/v2\/users\/7"}],"replies":[{"embeddable":true,"href":"https:\/\/kastela.hr\/en\/wp-json\/wp\/v2\/comments?post=4477"}],"version-history":[{"count":1,"href":"https:\/\/kastela.hr\/en\/wp-json\/wp\/v2\/posts\/4477\/revisions"}],"predecessor-version":[{"id":6891,"href":"https:\/\/kastela.hr\/en\/wp-json\/wp\/v2\/posts\/4477\/revisions\/6891"}],"wp:featuredmedia":[{"embeddable":true,"href":"https:\/\/kastela.hr\/en\/wp-json\/wp\/v2\/media\/4478"}],"wp:attachment":[{"href":"https:\/\/kastela.hr\/en\/wp-json\/wp\/v2\/media?parent=4477"}],"wp:term":[{"taxonomy":"category","embeddable":true,"href":"https:\/\/kastela.hr\/en\/wp-json\/wp\/v2\/categories?post=4477"},{"taxonomy":"post_tag","embeddable":true,"href":"https:\/\/kastela.hr\/en\/wp-json\/wp\/v2\/tags?post=4477"}],"curies":[{"name":"wp","href":"https:\/\/api.w.org\/{rel}","templated":true}]}}