{"id":4471,"date":"2021-03-24T09:18:00","date_gmt":"2021-03-24T08:18:00","guid":{"rendered":"https:\/\/kastela.hr\/en\/2021\/03\/24\/dani-eu-fondova-grada-kastela\/"},"modified":"2024-08-29T10:47:54","modified_gmt":"2024-08-29T08:47:54","slug":"dani-eu-fondova-grada-kastela","status":"publish","type":"post","link":"https:\/\/kastela.hr\/en\/2021\/03\/24\/dani-eu-fondova-grada-kastela\/","title":{"rendered":"Dani EU fondova Grada Ka\u0161tela"},"content":{"rendered":"<p>Kako bi gra\u0111ane \u0161to detaljnije upoznali s projektima koji se financiraju iz europskih fondova, Grad Ka\u0161tela organizira dvodnevnu manifestaciju &bdquo;Dani EU fondova Grada Ka\u0161tela&ldquo; koji \u0107e se odr\u017eati<\/p>\n<p>&#8211; 26.o\u017eujka (petak) Ka\u0161tel Stari &ndash; \u0110ardin od 10:00 &#8211; 13:00h<\/p>\n<p>&#8211; 27. o\u017eujka (subota) Ka\u0161tel \u0160tafili\u0107 &#8211; ispod Krespo bara od 10:00 &ndash; 13:00 h<\/p>\n<p>Ovom prilikom gra\u0111anima \u0107e biti podijeljene bro\u0161ure u kojima se nalaze svi projekti u provedbi, kao i oni koji su realizirani u proteklom razdoblju, a financirani su sredstvima iz EU fondova.<\/p>\n<p>Po\u0161tuju\u0107i sve epidemiolo\u0161ke mjere, pozivamo gra\u0111ane da se informiraju o EU projektima koje provodi Grad Ka\u0161tela.<\/p>\n<p>&nbsp;<\/p>\n","protected":false},"excerpt":{"rendered":"<p>Kako bi gra\u0111ane \u0161to detaljnije upoznali s projektima koji se financiraju iz europskih fondova, Grad Ka\u0161tela organizira dvodnevnu manifestaciju &bdquo;Dani [&hellip;]<\/p>\n","protected":false},"author":7,"featured_media":4472,"comment_status":"closed","ping_status":"open","sticky":false,"template":"","format":"standard","meta":{"_acf_changed":false,"footnotes":""},"categories":[1],"tags":[],"class_list":["post-4471","post","type-post","status-publish","format-standard","has-post-thumbnail","hentry","category-novosti"],"acf":[],"_links":{"self":[{"href":"https:\/\/kastela.hr\/en\/wp-json\/wp\/v2\/posts\/4471","targetHints":{"allow":["GET"]}}],"collection":[{"href":"https:\/\/kastela.hr\/en\/wp-json\/wp\/v2\/posts"}],"about":[{"href":"https:\/\/kastela.hr\/en\/wp-json\/wp\/v2\/types\/post"}],"author":[{"embeddable":true,"href":"https:\/\/kastela.hr\/en\/wp-json\/wp\/v2\/users\/7"}],"replies":[{"embeddable":true,"href":"https:\/\/kastela.hr\/en\/wp-json\/wp\/v2\/comments?post=4471"}],"version-history":[{"count":1,"href":"https:\/\/kastela.hr\/en\/wp-json\/wp\/v2\/posts\/4471\/revisions"}],"predecessor-version":[{"id":6889,"href":"https:\/\/kastela.hr\/en\/wp-json\/wp\/v2\/posts\/4471\/revisions\/6889"}],"wp:featuredmedia":[{"embeddable":true,"href":"https:\/\/kastela.hr\/en\/wp-json\/wp\/v2\/media\/4472"}],"wp:attachment":[{"href":"https:\/\/kastela.hr\/en\/wp-json\/wp\/v2\/media?parent=4471"}],"wp:term":[{"taxonomy":"category","embeddable":true,"href":"https:\/\/kastela.hr\/en\/wp-json\/wp\/v2\/categories?post=4471"},{"taxonomy":"post_tag","embeddable":true,"href":"https:\/\/kastela.hr\/en\/wp-json\/wp\/v2\/tags?post=4471"}],"curies":[{"name":"wp","href":"https:\/\/api.w.org\/{rel}","templated":true}]}}