{"id":4468,"date":"2021-03-24T13:33:00","date_gmt":"2021-03-24T12:33:00","guid":{"rendered":"https:\/\/kastela.hr\/en\/2021\/03\/24\/sazvana-27-sjednica-gradskog-vijeca\/"},"modified":"2024-11-28T11:11:22","modified_gmt":"2024-11-28T10:11:22","slug":"sazvana-27-sjednica-gradskog-vijeca","status":"publish","type":"post","link":"https:\/\/kastela.hr\/en\/2021\/03\/24\/sazvana-27-sjednica-gradskog-vijeca\/","title":{"rendered":"Sazvana 27. sjednica Gradskog vije\u0107a"},"content":{"rendered":"<address>Predsjednik Gradskog vije\u0107a Ivan Udovi\u010di\u0107 sazvao je 27. sjednicu Gradskog vije\u0107a. <strong>U uvjetima posebnih okolnosti izazvanih epidemijom bolesti COVID-19 uzrokovane virusom SARS-CoV-2 a, 27.sjednica Gradskog vije\u0107a odr\u017eat \u0107e se 31. o\u017eujka (srijeda) 2021. g. u 11 sati u Kino dvorani Sveti Juraj u Ka\u0161tel Su\u0107urcu<\/strong><\/address>\n<address><strong>Napomena: sjednica \u0107e se odr\u017eati uz obvezno po\u0161tivanje propisanih epidemiolo\u0161kih mjera, a posebno dezinfekcije, no\u0161enje za\u0161titne maske te po\u0161tivanje mjere udaljenosti me\u0111u prisutnima.<\/strong><\/address>\n<div>\n<address>&nbsp; 1. Usvajanje Zapisnika s 26. sjednice Gradskog vije\u0107a<\/address>\n<address>&nbsp; 2. Vije\u0107ni\u010dka pitanja i prijedlozi<\/address>\n<address>&nbsp; 3.&nbsp; Prijedlog II izmjena i dopuna Prora\u010duna Grada Ka\u0161tela za 2021. godinu<\/address>\n<address>&nbsp;&nbsp;&nbsp;&nbsp;&nbsp; &#8211; Izvjestiteljica: Marija Matija \u0110iki\u0107, pro\u010delnica Upravnog odjela za financije, prora\u010dun i javnu nabavu<\/address>\n<address>&nbsp; 4. Prijedlog izmjena i dopuna Programa gra\u0111enja komunalne infrastrukture za 2021. godinu<\/address>\n<address>&nbsp;&nbsp;&nbsp;&nbsp;&nbsp; &#8211; Izvjestiteljica: Marija Pelivan, pro\u010delnica Upravnog odjela za komunalno gospodarstvo, imovinsko &ndash; pravne poslove i za\u0161titu okoli\u0161a<\/address>\n<\/div>\n<address>&nbsp; 5. Godi\u0161nji izvje\u0161taj o izvr\u0161enju Prora\u010duna Grada Ka\u0161tela za 2020. godinu<\/address>\n<div>\n<address>&nbsp; 6. Prijedlog odluke o raspodjeli rezultata za 2020. godinu<\/address>\n<address>&nbsp;&nbsp;&nbsp;&nbsp; &#8211; Izvjestiteljica t. 5. i t. 6: Matija Marija \u0110iki\u0107, pro\u010delnica Upravnog odjela za financije, prora\u010dun i javnu nabavu<\/address>\n<address>&nbsp; 7. Izvje\u0161\u0107e o izvr\u0161enju Programa gra\u0111enja komunalne infrastrukture u Gradu Ka\u0161tela za 2020. godinu<\/address>\n<address>&nbsp; 8. Izvje\u0161\u0107e&nbsp; o izvr\u0161enju Programa odr\u017eavanja komunalne infrastrukture u gradu Ka\u0161tela za 2020. godinu<\/address>\n<address>&nbsp;&nbsp;&nbsp;&nbsp;&nbsp;&nbsp;&nbsp; &#8211; Izvjestiteljica t. 7. i t. 8.: Marija Pelivan, pro\u010delnica Upravnog odjela za komunalno gospodarstvo,<\/address>\n<address>&nbsp;&nbsp;&nbsp;&nbsp;&nbsp;&nbsp; imovinsko &ndash;&nbsp; pravne poslove i za\u0161titu okoli\u0161a<\/address>\n<address>&nbsp; 9. Izvje\u0161\u0107e o izvr\u0161enju Programa javnih potreba u socijalnoj skrbi i zdravstvenoj za\u0161titi Grada Ka\u0161tela za 2020. godinu<\/address>\n<address>10. Izvje\u0161\u0107e o izvr\u0161enju Program financiranja javnih potreba pred\u0161kolskom odgoju Grada Ka\u0161tela za 2020.godinu<\/address>\n<address>11. Izvje\u0161\u0107e o izvr\u0161enju Programa financiranja javnih potreba u obrazovanju Grada Ka\u0161tela za 2020. godinu<\/address>\n<address>12. Izvje\u0161\u0107e o izvr\u0161enju Program javnih potreba u kulturi Grada Ka\u0161tela za 2020. godinu<\/address>\n<address>13. Izvje\u0161\u0107e o izvr\u0161enju Program financiranja javnih potreba u tehni\u010dkoj kulturi Grada Ka\u0161tela za 2020. godinu<\/address>\n<address>14. Izvje\u0161\u0107e o izvr\u0161enju Program financiranja javnih potreba udruga gra\u0111ana Grada, institucija, ustanova i vjerskih zajednica Grada Ka\u0161tela za&nbsp; 2020. godinu<\/address>\n<address>15. Izvje\u0161\u0107e o izvr\u0161enju Program financiranja javnih potreba u sportu Grada Ka\u0161tela za 2020. godinu<\/address>\n<address>&nbsp;&nbsp;&nbsp;&nbsp;&nbsp; &#8211; Izvjestitelj t. 9. do t. 15. : Jak\u0161a Sokol, privremeni pro\u010delnik Upravnog odjela za dru\u0161tvene djelatnosti i op\u0107e poslove<\/address>\n<address>16. Financijsko izvje\u0161\u0107e za 2020. godinu i Izvje\u0161\u0107e Zajednice \u0161portskih udruga Ka\u0161tela o izvr\u0161enju Detaljnog plana raspodjele financijskih sredstava za sufinanciranje \u0161portskih aktivnosti \u010dlanica Zajednice \u0161portskih udruga Ka\u0161tela za 2020. godinu<\/address>\n<address>&nbsp;&nbsp;&nbsp; &#8211; Izvjestiteljica: Mirjana Mili\u0107, predsjednica&nbsp; Zajednice \u0161portskih udruga Ka\u0161tela<\/address>\n<address>17. Izvje\u0161\u0107e o izvr\u0161enju Programa javnih potreba u protupo\u017earnoj i civilnoj za\u0161titi Grada Ka\u0161tela za 2020. godinu<\/address>\n<address>18. Izvje\u0161\u0107e o izvr\u0161enju Plana djelovanja Grada Ka\u0161tela u podru\u010dju prirodnih nepogoda za 2020. godinu<\/address>\n<address>&nbsp;&nbsp;&nbsp;&nbsp;&nbsp; &#8211; Izvjestitelj t. 17. i t. 18.: Jak\u0161a Sokol, privremeni pro\u010delnik Upravnog odjela za dru\u0161tvene djelatnosti&nbsp; i op\u0107e poslove<\/address>\n<address>19. Izvje\u0161\u0107e o izvr\u0161enju Programa kori\u0161tenja sredstava naknade za zadr\u017eavanje nezakonito izgra\u0111enih zgrada u&nbsp; prostoru na podru\u010dju Grada Ka\u0161tela za 2020. godinu<\/address>\n<address>&nbsp;&nbsp;&nbsp;&nbsp;&nbsp; &#8211; Izvjestitelj: Boris \u0160kara, pro\u010delnik Upravnog odjela za prostorno ure\u0111enje i gradnju<\/address>\n<address>20. Izvje\u0161\u0107e o radu Gradona\u010delnika za razdoblje srpanj -prosinac 2020. godine<\/address>\n<address>&nbsp;&nbsp;&nbsp;&nbsp;&nbsp; Izvjestitelj: Denis Ivanovi\u0107, gradona\u010delnik<\/address>\n<\/div>\n<address>21. Izvje\u0161\u0107e o lokacijama i koli\u010dinama odba\u010denog otpada, tro\u0161kovima uklanjanja i provedbi mjera za sprje\u010davanje i uklanjanje nepropisno odlo\u017eenog otpada na podru\u010dju Grada Ka\u0161tela za 2020. godinu<\/address>\n<div>\n<address>22. Prijedlog odluke o provedbi posebnih mjera sprje\u010davanja odbacivanja otpada na podru\u010dju Grada Ka\u0161tela za 2021. g<\/address>\n<\/div>\n<address>23. Prijedlog odluke o na\u010dini upravljanja i kori\u0161tenja sportskih gra\u0111evina u vlasni\u0161tvu Grada Ka\u0161tela<\/address>\n<address>24. Prijedlog odluke o ure\u0111enju prometovanja turisti\u010dkog vlaka na podru\u010dju Grada Ka\u0161tela ( materijal \u0107e biti naknadno dostupan vije\u0107nicima)<\/address>\n<address>25. Prijedlog akcijskog plana energetske u\u010dinkovitosti Grada Ka\u0161tela za razdoblje 2020.-2022. godine<\/address>\n<div>\n<address>&nbsp;&nbsp;&nbsp;&nbsp;&nbsp; &#8211; Izvjestiteljica t. 21. do t. 25.: Marija Pelivan, pro\u010delnica Upravnog odjela za komunalno gospodarstvo, imovinsko- pravne poslove i za\u0161titu okoli\u0161a<\/address>\n<\/div>\n<address>26. Prijedlog odluke o naknadi za rad \u010dlanova Gradskog vije\u0107a i \u010dlanova radnih tijela Gradskog vije\u0107a<\/address>\n<address>&nbsp;&nbsp;&nbsp;&nbsp;&nbsp;&nbsp;&nbsp; &#8211; Izvjestiteljica: Sanda Jakus, pro\u010delnica Upravnog odjela za poslove Gradona\u010delnika i Gradskog vije\u0107a<\/address>\n<address>27. Prijedlog odluke o imenovanju ravnateljice Razvojne agencije<\/address>\n<address>&nbsp;&nbsp;&nbsp;&nbsp; &#8211; Izvjestiteljica: Marija Pelivan, pro\u010delnica Upravnog odjela za komunalno gospodarstvo, imovinsko- pravne poslove i za\u0161titu okoli\u0161a<\/address>\n<address>28. Prijedlog odluke o imenovanju vr\u0161itelja du\u017enosti ravnatelja Javne ustanove \u0160portski objekti Ka\u0161tela<\/address>\n<div>\n<address>&nbsp;&nbsp;&nbsp;&nbsp;&nbsp; &#8211; Izvjestitelj: Jak\u0161a Sokol, privremeni pro\u010delnik Upravnog odjela za dru\u0161tvene djelatnosti i op\u0107e poslove<\/address>\n<\/div>\n<address>29. Prijedlog odluke o davanju suglasnosti na Ugovor o me\u0111usobnoj suradnji u svezi s osnivanjem i upravljanjem trgova\u010dkim dru\u0161tvom sa svrhom izgradnje, kori\u0161tenja i upravljanja recikla\u017enim dvori\u0161tem (materijal \u0107e biti naknadno dostupan vije\u0107nicima)<\/address>\n<address>&nbsp;&nbsp;&nbsp;&nbsp; &#8211; Izvjestiteljica: Marija Pelivan, pro\u010delnica Upravnog odjela za komunalno gospodarstvo, imovinsko- pravne poslove i za\u0161titu okoli\u0161a<\/address>\n<address><strong>Materijale i poziv na 27. sjednicu Gradskog vije\u0107a mo\u017eete preuzeti na linku ispod teksta<\/strong><\/address>\n<h5>&nbsp;<\/h5>\n","protected":false},"excerpt":{"rendered":"<p>Predsjednik Gradskog vije\u0107a Ivan Udovi\u010di\u0107 sazvao je 27. sjednicu Gradskog vije\u0107a. U uvjetima posebnih okolnosti izazvanih epidemijom bolesti COVID-19 uzrokovane [&hellip;]<\/p>\n","protected":false},"author":7,"featured_media":4469,"comment_status":"closed","ping_status":"open","sticky":false,"template":"","format":"standard","meta":{"_acf_changed":false,"footnotes":""},"categories":[1],"tags":[],"class_list":["post-4468","post","type-post","status-publish","format-standard","has-post-thumbnail","hentry","category-novosti"],"acf":[],"_links":{"self":[{"href":"https:\/\/kastela.hr\/en\/wp-json\/wp\/v2\/posts\/4468","targetHints":{"allow":["GET"]}}],"collection":[{"href":"https:\/\/kastela.hr\/en\/wp-json\/wp\/v2\/posts"}],"about":[{"href":"https:\/\/kastela.hr\/en\/wp-json\/wp\/v2\/types\/post"}],"author":[{"embeddable":true,"href":"https:\/\/kastela.hr\/en\/wp-json\/wp\/v2\/users\/7"}],"replies":[{"embeddable":true,"href":"https:\/\/kastela.hr\/en\/wp-json\/wp\/v2\/comments?post=4468"}],"version-history":[{"count":2,"href":"https:\/\/kastela.hr\/en\/wp-json\/wp\/v2\/posts\/4468\/revisions"}],"predecessor-version":[{"id":14090,"href":"https:\/\/kastela.hr\/en\/wp-json\/wp\/v2\/posts\/4468\/revisions\/14090"}],"wp:featuredmedia":[{"embeddable":true,"href":"https:\/\/kastela.hr\/en\/wp-json\/wp\/v2\/media\/4469"}],"wp:attachment":[{"href":"https:\/\/kastela.hr\/en\/wp-json\/wp\/v2\/media?parent=4468"}],"wp:term":[{"taxonomy":"category","embeddable":true,"href":"https:\/\/kastela.hr\/en\/wp-json\/wp\/v2\/categories?post=4468"},{"taxonomy":"post_tag","embeddable":true,"href":"https:\/\/kastela.hr\/en\/wp-json\/wp\/v2\/tags?post=4468"}],"curies":[{"name":"wp","href":"https:\/\/api.w.org\/{rel}","templated":true}]}}