{"id":4443,"date":"2021-03-26T10:48:00","date_gmt":"2021-03-26T09:48:00","guid":{"rendered":"https:\/\/kastela.hr\/en\/2021\/03\/26\/zapocela-izgradnja-djecjeg-igralista-u-kastel-sucurcu-povise-magistrale\/"},"modified":"2024-08-29T10:47:54","modified_gmt":"2024-08-29T08:47:54","slug":"zapocela-izgradnja-djecjeg-igralista-u-kastel-sucurcu-povise-magistrale","status":"publish","type":"post","link":"https:\/\/kastela.hr\/en\/2021\/03\/26\/zapocela-izgradnja-djecjeg-igralista-u-kastel-sucurcu-povise-magistrale\/","title":{"rendered":"Zapo\u010dela izgradnja dje\u010djeg igrali\u0161ta u Ka\u0161tel Su\u0107urcu povi\u0161e magistrale"},"content":{"rendered":"<p>Grad Ka\u0161tela nastavlja s proaktivnom demografskom i socijalnom politikom kako bi velikom broju mladih obitelji na podru\u010dju cijelog grada osigurali \u0161to bolje uvjete za \u017eivot. Naime, zapo\u010deli su radovi na izgradnji jo\u0161 jednog dje\u010djeg igrali\u0161ta. Ovoga puta rije\u010d je o novom igrali\u0161tu koje se gradi u Ka\u0161tel Su\u0107urcu povi\u0161e magistrale gdje \u017eivi veliki broj obitelji s djecom<\/p>\n<p>&#8211; Novo dje\u010dje igrali\u0161te imat \u0107e rekreativni dio, teren za nogomet i ko\u0161arku, dje\u010dja igrala i klackalice kao i svu potrebnu opremu. Rije\u010d je o zemlji\u0161tu koje je Gradu Ka\u0161tela na kori\u0161tenje dala tvrtka Cemex. \u0160to se ti\u010de gra\u0111evinskih radova ulo\u017eeno je 300 000 kuna, a jo\u0161 toliko ulo\u017eit \u0107e se u nabavku opreme za igrali\u0161te tako da je vrijednost cjelokupne investicije 600 000 kuna. Zavr\u0161etak radova previ\u0111en je za otprilike dva tjedna. Ovo je samo jedno u nizu investicija na ure\u0111enju dje\u010djih igrali\u0161ta kojih na podru\u010dju na\u0161eg grada ima vi\u0161e od 30 &ndash; kazao je gradona\u010delnik Denis Ivanovi\u0107 koji je zajedno sa svojim zamjenikom Grgicom Benuti\u0107em obi\u0161ao gradili\u0161te.<\/p>\n<p>Novo dje\u010dje igrali\u0161te u Ka\u0161tel Su\u0107urcu izgledat \u0107e sli\u010dno kao novoure\u0111eno igrali\u0161te u Ka\u0161tel Kambelovcu koje je tako\u0111er smje\u0161teno povi\u0161e magistrale, a ovom prilikom gradona\u010delnik je najavio i skori po\u010detak radova na izgradnji dje\u010djeg igrali\u0161ta u Ka\u0161tel Gomilici.<\/p>\n","protected":false},"excerpt":{"rendered":"<p>Grad Ka\u0161tela nastavlja s proaktivnom demografskom i socijalnom politikom kako bi velikom broju mladih obitelji na podru\u010dju cijelog grada osigurali [&hellip;]<\/p>\n","protected":false},"author":7,"featured_media":4444,"comment_status":"closed","ping_status":"open","sticky":false,"template":"","format":"standard","meta":{"_acf_changed":false,"footnotes":""},"categories":[1],"tags":[],"class_list":["post-4443","post","type-post","status-publish","format-standard","has-post-thumbnail","hentry","category-novosti"],"acf":[],"_links":{"self":[{"href":"https:\/\/kastela.hr\/en\/wp-json\/wp\/v2\/posts\/4443","targetHints":{"allow":["GET"]}}],"collection":[{"href":"https:\/\/kastela.hr\/en\/wp-json\/wp\/v2\/posts"}],"about":[{"href":"https:\/\/kastela.hr\/en\/wp-json\/wp\/v2\/types\/post"}],"author":[{"embeddable":true,"href":"https:\/\/kastela.hr\/en\/wp-json\/wp\/v2\/users\/7"}],"replies":[{"embeddable":true,"href":"https:\/\/kastela.hr\/en\/wp-json\/wp\/v2\/comments?post=4443"}],"version-history":[{"count":1,"href":"https:\/\/kastela.hr\/en\/wp-json\/wp\/v2\/posts\/4443\/revisions"}],"predecessor-version":[{"id":6886,"href":"https:\/\/kastela.hr\/en\/wp-json\/wp\/v2\/posts\/4443\/revisions\/6886"}],"wp:featuredmedia":[{"embeddable":true,"href":"https:\/\/kastela.hr\/en\/wp-json\/wp\/v2\/media\/4444"}],"wp:attachment":[{"href":"https:\/\/kastela.hr\/en\/wp-json\/wp\/v2\/media?parent=4443"}],"wp:term":[{"taxonomy":"category","embeddable":true,"href":"https:\/\/kastela.hr\/en\/wp-json\/wp\/v2\/categories?post=4443"},{"taxonomy":"post_tag","embeddable":true,"href":"https:\/\/kastela.hr\/en\/wp-json\/wp\/v2\/tags?post=4443"}],"curies":[{"name":"wp","href":"https:\/\/api.w.org\/{rel}","templated":true}]}}