{"id":4434,"date":"2021-03-26T11:59:00","date_gmt":"2021-03-26T10:59:00","guid":{"rendered":"https:\/\/kastela.hr\/en\/2021\/03\/26\/kastela-povukla-140-milijuna-kuna-iz-eu-fondova\/"},"modified":"2024-08-29T10:47:54","modified_gmt":"2024-08-29T08:47:54","slug":"kastela-povukla-140-milijuna-kuna-iz-eu-fondova","status":"publish","type":"post","link":"https:\/\/kastela.hr\/en\/2021\/03\/26\/kastela-povukla-140-milijuna-kuna-iz-eu-fondova\/","title":{"rendered":"Ka\u0161tela povukla 140 milijuna kuna iz EU fondova"},"content":{"rendered":"<p>Kako bi gra\u0111ane \u0161to detaljnije upoznali s projektima koji se sufinanciraju iz europskih fondova, Grad Ka\u0161tela organizirao je dvodnevnu manifestaciju &bdquo;Dani EU fondova Grada Ka\u0161tela&ldquo; koja je zapo\u010dela u \u0110ardinu u Ka\u0161tel Starom. Ovom prilikom gra\u0111anima su podijeljene bro\u0161ure u kojima se nalaze svi projekti u provedbi, kao i oni koji su realizirani u proteklom razdoblju, a financirani su sredstvima iz EU fondova. S gra\u0111anima je razgovarao i gradona\u010delnik Denis Ivanovi\u0107 koji je stigao u pratnji svog zamjenika Grgice Benuti\u0107a<\/p>\n<p>&#8211; U zadnje tri godine iz europskih fondova povukli smo 140 milijuna kuna, a rije\u010d je o infrastrukturnim, socijalnim i kulturnim projektima. Posebno bih naglasio projekt promicanja internetske povezivosti u lokalnim zajednicama koji je u fazi izrade, idu\u0107e godine zapo\u010dinju radovi i do 2023. godine \u0107emo na podru\u010dju Ka\u0161tela imati puno kvalitetniju i puno br\u017eu internet mre\u017eu &ndash; istaknuo je gradona\u010delnik Ivanovi\u0107.<\/p>\n<p>&#8211; Grad trenutno provodi 13 projekata va\u017enih za razvoj grada, a od tih projekata 11 ih se sufinancira sredstvima iz EU fondova i Grada, dok su ostali sufinancirani iz nacionalnih fondova. Ono \u0161to se trenutno provodi su&nbsp;projekti na obnovi i za\u0161titi kulturne ba\u0161tine i odr\u017eivom razvoju. Tu je i koncept pametnog grada, \u0161to donosi osuvremenjivanje svih djelatnosti kao i&nbsp;projekti sprje\u010davanja utjecaja plavljenja mora &ndash; kazala&nbsp;je voditeljica Odsjeka za provedbu i pripremanje projekata Marijana Mi\u0161erda Baji\u0107.<\/p>\n<p>Osim toga, Grad je prije nekoliko godina osnovao Razvojnu agenciju Grada Ka\u0161tela koja je bila u stanju mirovanja<\/p>\n<p>&#8211; Kad smo osnovali Razvojnu agenciju obe\u0107ali smo da ne\u0107emo tro\u0161iti prora\u010dunski novac na njezino financiranje ve\u0107 \u0107emo isklju\u010divo koristiti sredstva iz EU fondova. S obzirom da je potrebno puno posla oko same pripreme dokumentacije, a u kona\u010dnici i povla\u010denja sredstava, do\u0161li smo u fazu da se Razvojna agencija mo\u017ee samostalno financirati tako da \u0107emo na idu\u0107oj sjednici Gradskog vije\u0107a imenovati ravnatelja Razvojne agencije koja \u0107e nakon toga zaposliti i prve djelatnike &ndash; najavio je gradona\u010delnik.<\/p>\n<p>Svi gra\u0111ani koji se \u017eele informirati o projektima koji se financiraju iz EU fondova, mogu do\u0107i ove subote <strong>27. o\u017eujka<\/strong> u Ka\u0161tel \u0160tafili\u0107 ispod Krespo bara na info \u0161tand u vremenu od <strong>10 do 13 sati. <\/strong><\/p>\n","protected":false},"excerpt":{"rendered":"<p>Kako bi gra\u0111ane \u0161to detaljnije upoznali s projektima koji se sufinanciraju iz europskih fondova, Grad Ka\u0161tela organizirao je dvodnevnu manifestaciju [&hellip;]<\/p>\n","protected":false},"author":7,"featured_media":4435,"comment_status":"closed","ping_status":"open","sticky":false,"template":"","format":"standard","meta":{"_acf_changed":false,"footnotes":""},"categories":[1],"tags":[],"class_list":["post-4434","post","type-post","status-publish","format-standard","has-post-thumbnail","hentry","category-novosti"],"acf":[],"_links":{"self":[{"href":"https:\/\/kastela.hr\/en\/wp-json\/wp\/v2\/posts\/4434","targetHints":{"allow":["GET"]}}],"collection":[{"href":"https:\/\/kastela.hr\/en\/wp-json\/wp\/v2\/posts"}],"about":[{"href":"https:\/\/kastela.hr\/en\/wp-json\/wp\/v2\/types\/post"}],"author":[{"embeddable":true,"href":"https:\/\/kastela.hr\/en\/wp-json\/wp\/v2\/users\/7"}],"replies":[{"embeddable":true,"href":"https:\/\/kastela.hr\/en\/wp-json\/wp\/v2\/comments?post=4434"}],"version-history":[{"count":1,"href":"https:\/\/kastela.hr\/en\/wp-json\/wp\/v2\/posts\/4434\/revisions"}],"predecessor-version":[{"id":6885,"href":"https:\/\/kastela.hr\/en\/wp-json\/wp\/v2\/posts\/4434\/revisions\/6885"}],"wp:featuredmedia":[{"embeddable":true,"href":"https:\/\/kastela.hr\/en\/wp-json\/wp\/v2\/media\/4435"}],"wp:attachment":[{"href":"https:\/\/kastela.hr\/en\/wp-json\/wp\/v2\/media?parent=4434"}],"wp:term":[{"taxonomy":"category","embeddable":true,"href":"https:\/\/kastela.hr\/en\/wp-json\/wp\/v2\/categories?post=4434"},{"taxonomy":"post_tag","embeddable":true,"href":"https:\/\/kastela.hr\/en\/wp-json\/wp\/v2\/tags?post=4434"}],"curies":[{"name":"wp","href":"https:\/\/api.w.org\/{rel}","templated":true}]}}