{"id":4425,"date":"2021-04-01T05:19:00","date_gmt":"2021-04-01T03:19:00","guid":{"rendered":"https:\/\/kastela.hr\/en\/2021\/04\/01\/odrzana-27-sjednica-gradskog-vijeca\/"},"modified":"2024-08-29T10:47:54","modified_gmt":"2024-08-29T08:47:54","slug":"odrzana-27-sjednica-gradskog-vijeca","status":"publish","type":"post","link":"https:\/\/kastela.hr\/en\/2021\/04\/01\/odrzana-27-sjednica-gradskog-vijeca\/","title":{"rendered":"Odr\u017eana 27. sjednica Gradskog vije\u0107a"},"content":{"rendered":"<p>Zbog epidemiolo\u0161ke situacije vezane uz pandemiju koronavirusa, po prethodnom dogovoru s predsjednicima Klubova vije\u0107nika, odr\u017eana je 27. sjednica Gradskog vije\u0107a elektroni\u010dkim putem, sukladno uputama za odr\u017eavanje sjednice u posebnim okolnostima. Sve to\u010dke dnevnog reda usvojene su jednoglasno ili ve\u0107inom glasova me\u0111u kojima su druge izmjene i dopune Prora\u010duna Grada Ka\u0161tela za 2021.godinu prema kojima prihodi iznose 206,4 milijuna, a rashodi 220,1 milijun kuna. U odnosu na planirane prihode u prora\u010dunu usvojenom u studenom pro\u0161le godine, to je rast od 13,3 milijuna u prihodima te 1,3 milijuna u rashodima.<\/p>\n<p>Nakon rebalansa prora\u010duna usvojene su i izmjene u Programu gra\u0111enja komunalne infrastrukture za ovu godinu.<\/p>\n<p>Za ravnateljicu Razvojne agencije Grada Ka\u0161tela na razdoblje od \u010detiri godine, uz \u010detiri sata rada tjedno, imenovana je Marijana Mi\u0161erda Baji\u0107 koja posljednjih desetak godina u Gradskoj upravi radi na poslovima voditeljice Odsjeka za provedbu i pripremanje projekata.<\/p>\n<p>Vije\u0107nici su svojom odlukom imenovali i vr\u0161itelja du\u017enosti ravnatelja Javne ustanove \u0160portski objekti Ka\u0161tela i to dosada\u0161njeg ravnatelja Antu \u0160i\u0161kova, a gradski vije\u0107nici prihvatili su prijedlog odluke o provedbi posebnih mjera sprje\u010davanja odbacivanja otpada na podru\u010dju Ka\u0161tela za ovu godinu.<\/p>\n<p>Prihva\u0107ena su i izvje\u0161\u0107a o realizaciji programa iz podru\u010dja komunale i dru\u0161tvenih djelatnosti u pro\u0161loj godini, kao i izvje\u0161\u0107e o radu gradona\u010delnika Denisa Ivanovi\u0107a za drugu polovicu pro\u0161le godine.<\/p>\n<p>&nbsp;<\/p>\n","protected":false},"excerpt":{"rendered":"<p>Zbog epidemiolo\u0161ke situacije vezane uz pandemiju koronavirusa, po prethodnom dogovoru s predsjednicima Klubova vije\u0107nika, odr\u017eana je 27. sjednica Gradskog vije\u0107a [&hellip;]<\/p>\n","protected":false},"author":7,"featured_media":4426,"comment_status":"closed","ping_status":"open","sticky":false,"template":"","format":"standard","meta":{"_acf_changed":false,"footnotes":""},"categories":[1],"tags":[],"class_list":["post-4425","post","type-post","status-publish","format-standard","has-post-thumbnail","hentry","category-novosti"],"acf":[],"_links":{"self":[{"href":"https:\/\/kastela.hr\/en\/wp-json\/wp\/v2\/posts\/4425","targetHints":{"allow":["GET"]}}],"collection":[{"href":"https:\/\/kastela.hr\/en\/wp-json\/wp\/v2\/posts"}],"about":[{"href":"https:\/\/kastela.hr\/en\/wp-json\/wp\/v2\/types\/post"}],"author":[{"embeddable":true,"href":"https:\/\/kastela.hr\/en\/wp-json\/wp\/v2\/users\/7"}],"replies":[{"embeddable":true,"href":"https:\/\/kastela.hr\/en\/wp-json\/wp\/v2\/comments?post=4425"}],"version-history":[{"count":1,"href":"https:\/\/kastela.hr\/en\/wp-json\/wp\/v2\/posts\/4425\/revisions"}],"predecessor-version":[{"id":6882,"href":"https:\/\/kastela.hr\/en\/wp-json\/wp\/v2\/posts\/4425\/revisions\/6882"}],"wp:featuredmedia":[{"embeddable":true,"href":"https:\/\/kastela.hr\/en\/wp-json\/wp\/v2\/media\/4426"}],"wp:attachment":[{"href":"https:\/\/kastela.hr\/en\/wp-json\/wp\/v2\/media?parent=4425"}],"wp:term":[{"taxonomy":"category","embeddable":true,"href":"https:\/\/kastela.hr\/en\/wp-json\/wp\/v2\/categories?post=4425"},{"taxonomy":"post_tag","embeddable":true,"href":"https:\/\/kastela.hr\/en\/wp-json\/wp\/v2\/tags?post=4425"}],"curies":[{"name":"wp","href":"https:\/\/api.w.org\/{rel}","templated":true}]}}