{"id":4422,"date":"2021-04-02T05:51:00","date_gmt":"2021-04-02T03:51:00","guid":{"rendered":"https:\/\/kastela.hr\/en\/2021\/04\/02\/gradonacelnici-podrzali-inicijativu-zupana-blazenka-bobana-za-preimenovanjem-zracne-luke-split-u-zracnu-luku-sv-jeronima-dalmatinca\/"},"modified":"2024-08-29T10:47:54","modified_gmt":"2024-08-29T08:47:54","slug":"gradonacelnici-podrzali-inicijativu-zupana-blazenka-bobana-za-preimenovanjem-zracne-luke-split-u-zracnu-luku-sv-jeronima-dalmatinca","status":"publish","type":"post","link":"https:\/\/kastela.hr\/en\/2021\/04\/02\/gradonacelnici-podrzali-inicijativu-zupana-blazenka-bobana-za-preimenovanjem-zracne-luke-split-u-zracnu-luku-sv-jeronima-dalmatinca\/","title":{"rendered":"Gradona\u010delnici podr\u017eali inicijativu \u017eupana Bla\u017eenka Bobana za preimenovanjem &#8220;Zra\u010dne luke Split&#8221; u &#8220;Zra\u010dnu luku sv. Jeronima Dalmatinca&#8221;"},"content":{"rendered":"<p>U zgradi Splitsko-dalmatinske \u017eupanije, na poziv \u017eupana Bla\u017eenka Bobana, sastali su se gradona\u010delnici gradova&nbsp;Splita, Andro Krstulovi\u0107 Opara,&nbsp;Ka\u0161tela, Denis Ivanovi\u0107 i&nbsp;Trogira, Ante&nbsp;Bili\u0107, i direktor&nbsp;Zra\u010dne luke Split, Luk\u0161a Novak, koji su&nbsp;podr\u017eali \u017eupanovu&nbsp;inicijativu za imenovanjem Zra\u010dne luke imenom sv. Jeronima Dalmatinca.&nbsp;<\/p>\n<p>Zaklju\u010deno je da \u0107e \u017eupan Boban utemeljiti Savjet za preimenovanje &quot;Zra\u010dne luke Split&quot; u &quot;Zra\u010dnu luku sv. Jeronima Dalmatinca&quot;, u koje \u0107e biti pozvani stru\u010dnjaci iz Crkve i druge&nbsp;ugledne javne osobe, akademici, novinari &nbsp;i stru\u010dnjaci za brendiranje, kako bi u javnoj raspravi prikupili \u0161to vi\u0161e argumenata s kojima bi upoznali nadle\u017eno Ministarstvo i Vladu RH o zna\u010daju imenovanja Zra\u010dne luke imenom sv. Jeronima Dalmatinca, znamenitoga sve\u0107enika, crkvenoga nau\u010ditelja i jednoga od \u010detiri crkvena oca zapadne Crkve.<\/p>\n<p>Na sastanku su uz \u017eupana, direktora Zra\u010dne luke i gradona\u010delnike Splita, Ka\u0161tela i Solina, sudjelovali i Davor Pavi\u0107, pro\u010delnik kabineta \u017eupana i Marija \u010cizmi\u0107, pro\u010delnica upravnog odjela za pravne poslove.<\/p>\n<p>&nbsp;<\/p>\n","protected":false},"excerpt":{"rendered":"<p>U zgradi Splitsko-dalmatinske \u017eupanije, na poziv \u017eupana Bla\u017eenka Bobana, sastali su se gradona\u010delnici gradova&nbsp;Splita, Andro Krstulovi\u0107 Opara,&nbsp;Ka\u0161tela, Denis Ivanovi\u0107 i&nbsp;Trogira, [&hellip;]<\/p>\n","protected":false},"author":7,"featured_media":4423,"comment_status":"closed","ping_status":"open","sticky":false,"template":"","format":"standard","meta":{"_acf_changed":false,"footnotes":""},"categories":[1],"tags":[],"class_list":["post-4422","post","type-post","status-publish","format-standard","has-post-thumbnail","hentry","category-novosti"],"acf":[],"_links":{"self":[{"href":"https:\/\/kastela.hr\/en\/wp-json\/wp\/v2\/posts\/4422","targetHints":{"allow":["GET"]}}],"collection":[{"href":"https:\/\/kastela.hr\/en\/wp-json\/wp\/v2\/posts"}],"about":[{"href":"https:\/\/kastela.hr\/en\/wp-json\/wp\/v2\/types\/post"}],"author":[{"embeddable":true,"href":"https:\/\/kastela.hr\/en\/wp-json\/wp\/v2\/users\/7"}],"replies":[{"embeddable":true,"href":"https:\/\/kastela.hr\/en\/wp-json\/wp\/v2\/comments?post=4422"}],"version-history":[{"count":1,"href":"https:\/\/kastela.hr\/en\/wp-json\/wp\/v2\/posts\/4422\/revisions"}],"predecessor-version":[{"id":6881,"href":"https:\/\/kastela.hr\/en\/wp-json\/wp\/v2\/posts\/4422\/revisions\/6881"}],"wp:featuredmedia":[{"embeddable":true,"href":"https:\/\/kastela.hr\/en\/wp-json\/wp\/v2\/media\/4423"}],"wp:attachment":[{"href":"https:\/\/kastela.hr\/en\/wp-json\/wp\/v2\/media?parent=4422"}],"wp:term":[{"taxonomy":"category","embeddable":true,"href":"https:\/\/kastela.hr\/en\/wp-json\/wp\/v2\/categories?post=4422"},{"taxonomy":"post_tag","embeddable":true,"href":"https:\/\/kastela.hr\/en\/wp-json\/wp\/v2\/tags?post=4422"}],"curies":[{"name":"wp","href":"https:\/\/api.w.org\/{rel}","templated":true}]}}