{"id":4409,"date":"2021-04-12T08:10:00","date_gmt":"2021-04-12T06:10:00","guid":{"rendered":"https:\/\/kastela.hr\/en\/2021\/04\/12\/u-tijeku-radovi-na-rekonstrukciji-ceste-u-kastel-sucurcu-vrijedni-15-milijuna-kuna\/"},"modified":"2024-08-29T10:47:54","modified_gmt":"2024-08-29T08:47:54","slug":"u-tijeku-radovi-na-rekonstrukciji-ceste-u-kastel-sucurcu-vrijedni-15-milijuna-kuna","status":"publish","type":"post","link":"https:\/\/kastela.hr\/en\/2021\/04\/12\/u-tijeku-radovi-na-rekonstrukciji-ceste-u-kastel-sucurcu-vrijedni-15-milijuna-kuna\/","title":{"rendered":"U tijeku radovi na rekonstrukciji ceste u Ka\u0161tel Su\u0107urcu vrijedni 15 milijuna kuna"},"content":{"rendered":"<p>Gradona\u010delnik Denis Ivanovi\u0107 zajedno sa svojim suradnicima obi\u0161ao je radove na rekonstrukciji jednog dijela Ceste dr. Franje Tu\u0111mana u Ka\u0161tel Su\u0107urcu koji su zapo\u010deli prije nekoliko dana. Rije\u010d je o nastavku radova vrijednih 15 milijuna kuna s PDV-om, odnosno tre\u0107oj fazi rekonstrukcije ceste od isto\u010dnog ulaza u grad nakon \u0161to je pro\u0161le godine zavr\u0161ena druga faza, dok je prva faza ure\u0111enja ceste zavr\u0161ena u drugoj polovini 2017. godine.<\/p>\n<p>&#8211; Ure\u0111enje ceste u du\u017eini od 500 metara izvodi se na dionici od Doma zdravlja do Rimskog puta. Radovi \u0107e trajati godinu dana jer su u pitanju zahtjevni radovi premje\u0161tanja i postavljanja novih instalacija, izmjene dotrajalih vodoopskrbnih cjevovoda \u0161to obuhva\u0107a i izgradnju oborinske odvodnje. Osim toga, predvi\u0111eno je ure\u0111enje jednog buji\u010dnog kanala, a rije\u010d je o poslu preuzetom od Hrvatskih voda. Za vrijeme izvo\u0111enja radova, promet \u0107e se odvijati jednim trakom ceste uz regulaciju semaforima pa voza\u010de molimo za strpljenje &ndash; isti\u010de Ivanovi\u0107 navode\u0107i da je Grad Ka\u0161tela u rekonstrukciju ceste krenuo zbog sigurnosti pje\u0161aka i voza\u010da s obzirom da na ovom dijelu ceste ne postoji nogostup tako da \u0107e za godinu dana biti izgra\u0111en obostrano s tim da \u0107e sjeverni biti ne\u0161to \u0161iri od ju\u017enog. Potpuno nova kolni\u010dka konstrukcija protezat \u0107e se cijelom \u0161irinom kolnika tako da je razumljivo trajanje radova do prolje\u0107a idu\u0107e godine.<\/p>\n<p>Pro\u0161le godine Grad Ka\u0161tela je uredio dio ceste na isto\u010dnom ulazu u grad, od granice sa Solinom u duljini od 600 metara, a prije tri pol godine rekonstruirana je dionica od Gospice do Doma zdravlja, u du\u017eini od 230 metara.<\/p>\n<p>Preostaje jo\u0161 urediti 1,5 kilometara postoje\u0107e ceste do skretanja za Emmezetu, a gradona\u010delnik Ivanovi\u0107 najavio je po\u010detak i ovih radova za godinu dana i to nakon zavr\u0161etka radova koji su u tijeku nakon \u010dega bi Cesta dr. Franje Tu\u0111mana, popularno nazvana &bdquo;Ka\u0161telanska Ilica&ldquo;, bila kompletno ure\u0111ena kroz cijela Ka\u0161tela.<\/p>\n<p>&nbsp;<\/p>\n<p>&nbsp;<\/p>\n<p>&nbsp;<\/p>\n<p>&nbsp;<\/p>\n","protected":false},"excerpt":{"rendered":"<p>Gradona\u010delnik Denis Ivanovi\u0107 zajedno sa svojim suradnicima obi\u0161ao je radove na rekonstrukciji jednog dijela Ceste dr. Franje Tu\u0111mana u Ka\u0161tel [&hellip;]<\/p>\n","protected":false},"author":7,"featured_media":4410,"comment_status":"closed","ping_status":"open","sticky":false,"template":"","format":"standard","meta":{"_acf_changed":false,"footnotes":""},"categories":[1],"tags":[],"class_list":["post-4409","post","type-post","status-publish","format-standard","has-post-thumbnail","hentry","category-novosti"],"acf":[],"_links":{"self":[{"href":"https:\/\/kastela.hr\/en\/wp-json\/wp\/v2\/posts\/4409","targetHints":{"allow":["GET"]}}],"collection":[{"href":"https:\/\/kastela.hr\/en\/wp-json\/wp\/v2\/posts"}],"about":[{"href":"https:\/\/kastela.hr\/en\/wp-json\/wp\/v2\/types\/post"}],"author":[{"embeddable":true,"href":"https:\/\/kastela.hr\/en\/wp-json\/wp\/v2\/users\/7"}],"replies":[{"embeddable":true,"href":"https:\/\/kastela.hr\/en\/wp-json\/wp\/v2\/comments?post=4409"}],"version-history":[{"count":1,"href":"https:\/\/kastela.hr\/en\/wp-json\/wp\/v2\/posts\/4409\/revisions"}],"predecessor-version":[{"id":6879,"href":"https:\/\/kastela.hr\/en\/wp-json\/wp\/v2\/posts\/4409\/revisions\/6879"}],"wp:featuredmedia":[{"embeddable":true,"href":"https:\/\/kastela.hr\/en\/wp-json\/wp\/v2\/media\/4410"}],"wp:attachment":[{"href":"https:\/\/kastela.hr\/en\/wp-json\/wp\/v2\/media?parent=4409"}],"wp:term":[{"taxonomy":"category","embeddable":true,"href":"https:\/\/kastela.hr\/en\/wp-json\/wp\/v2\/categories?post=4409"},{"taxonomy":"post_tag","embeddable":true,"href":"https:\/\/kastela.hr\/en\/wp-json\/wp\/v2\/tags?post=4409"}],"curies":[{"name":"wp","href":"https:\/\/api.w.org\/{rel}","templated":true}]}}