{"id":4384,"date":"2021-04-30T09:21:00","date_gmt":"2021-04-30T07:21:00","guid":{"rendered":"https:\/\/kastela.hr\/en\/2021\/04\/30\/prijavite-program-za-kastelansko-kulturno-ljeto-do-18-svibnja\/"},"modified":"2024-08-29T10:47:54","modified_gmt":"2024-08-29T08:47:54","slug":"prijavite-program-za-kastelansko-kulturno-ljeto-do-18-svibnja","status":"publish","type":"post","link":"https:\/\/kastela.hr\/en\/2021\/04\/30\/prijavite-program-za-kastelansko-kulturno-ljeto-do-18-svibnja\/","title":{"rendered":"Prijavite program za Ka\u0161telansko kulturno ljeto do 18. svibnja"},"content":{"rendered":"<p>Umjesto do 23. travnja, Grad Ka\u0161tela produ\u017euje rok prijave programa za Ka\u0161telansko kulturno ljeto do 18. svibnja.<\/p>\n<p>Ukoliko to bude dozvoljavala epidemiolo\u0161ka situacija, Grad Ka\u0161tela \u0107e u&nbsp;srpnju i kolovozu 2021. godine organizirati Ka\u0161telansko kulturno ljeto. Kako bi osigurao kvalitetne glazbene, dramske, plesne, izlo\u017ebene i druge sadr\u017eaje u okviru kulturnog programa, koji su od javnog interesa za gra\u0111ane Ka\u0161tela te oboga\u0107uju turisti\u010dku ponudu, Grad Ka\u0161tela objavljuje Javni poziv za predlaganje projekata za Ka\u0161telansko kulturno ljeto 2021. i ovim putem poziva zainteresirane da dostave svoje prijedloge.<\/p>\n<p>U cilju \u0161to bolje pripreme i same organizacije potrebno je da se prijedlozi svih doga\u0111anja za program Ka\u0161telanskog kulturnog ljeta dostave najkasnije do&nbsp;<strong>18. svibnja 2021. godine<\/strong>.<\/p>\n<p>Vi\u0161e detalja o na\u010dinu prijave i dokumentaciji nalazi se na linku ispod teksta<\/p>\n","protected":false},"excerpt":{"rendered":"<p>Umjesto do 23. travnja, Grad Ka\u0161tela produ\u017euje rok prijave programa za Ka\u0161telansko kulturno ljeto do 18. svibnja. Ukoliko to bude [&hellip;]<\/p>\n","protected":false},"author":7,"featured_media":4385,"comment_status":"closed","ping_status":"open","sticky":false,"template":"","format":"standard","meta":{"_acf_changed":false,"footnotes":""},"categories":[1],"tags":[],"class_list":["post-4384","post","type-post","status-publish","format-standard","has-post-thumbnail","hentry","category-novosti"],"acf":[],"_links":{"self":[{"href":"https:\/\/kastela.hr\/en\/wp-json\/wp\/v2\/posts\/4384","targetHints":{"allow":["GET"]}}],"collection":[{"href":"https:\/\/kastela.hr\/en\/wp-json\/wp\/v2\/posts"}],"about":[{"href":"https:\/\/kastela.hr\/en\/wp-json\/wp\/v2\/types\/post"}],"author":[{"embeddable":true,"href":"https:\/\/kastela.hr\/en\/wp-json\/wp\/v2\/users\/7"}],"replies":[{"embeddable":true,"href":"https:\/\/kastela.hr\/en\/wp-json\/wp\/v2\/comments?post=4384"}],"version-history":[{"count":1,"href":"https:\/\/kastela.hr\/en\/wp-json\/wp\/v2\/posts\/4384\/revisions"}],"predecessor-version":[{"id":6869,"href":"https:\/\/kastela.hr\/en\/wp-json\/wp\/v2\/posts\/4384\/revisions\/6869"}],"wp:featuredmedia":[{"embeddable":true,"href":"https:\/\/kastela.hr\/en\/wp-json\/wp\/v2\/media\/4385"}],"wp:attachment":[{"href":"https:\/\/kastela.hr\/en\/wp-json\/wp\/v2\/media?parent=4384"}],"wp:term":[{"taxonomy":"category","embeddable":true,"href":"https:\/\/kastela.hr\/en\/wp-json\/wp\/v2\/categories?post=4384"},{"taxonomy":"post_tag","embeddable":true,"href":"https:\/\/kastela.hr\/en\/wp-json\/wp\/v2\/tags?post=4384"}],"curies":[{"name":"wp","href":"https:\/\/api.w.org\/{rel}","templated":true}]}}